{"id":49839,"date":"2025-10-17T14:00:32","date_gmt":"2025-10-17T12:00:32","guid":{"rendered":"https:\/\/www.plexus.es\/?p=49839"},"modified":"2025-10-23T14:10:10","modified_gmt":"2025-10-23T12:10:10","slug":"participamos-enise-evento-referencia-ciberseguridad-espana","status":"publish","type":"post","link":"https:\/\/www.plexus.es\/pt-pt\/participamos-enise-evento-referencia-ciberseguridad-espana\/","title":{"rendered":"Participamos en ENISE, el evento de referencia sobre ciberseguridad en Espa\u00f1a"},"content":{"rendered":"<div class=\"fusion-fullwidth fullwidth-box fusion-builder-row-1 fusion-flex-container container-detail-news plexus_css nonhundred-percent-fullwidth non-hundred-percent-height-scrolling\" style=\"background-color: rgba(255,255,255,0);background-position: center center;background-repeat: no-repeat;border-width: 0px 0px 0px 0px;border-color:#e8ebef;border-style:solid;\" ><div class=\"fusion-builder-row fusion-row fusion-flex-align-items-flex-start\" style=\"max-width:1310.4px;margin-left: calc(-4% \/ 2 );margin-right: calc(-4% \/ 2 );\"><div class=\"fusion-layout-column fusion_builder_column fusion-builder-column-0 fusion_builder_column_1_3 1_3 fusion-flex-column fusion-flex-align-self-stretch\"><div class=\"fusion-column-wrapper fusion-flex-justify-content-center fusion-content-layout-column\" style=\"background-position:left top;background-repeat:no-repeat;-webkit-background-size:cover;-moz-background-size:cover;-o-background-size:cover;background-size:cover;padding: 0px 0px 0px 0px;\"><div style=\"text-align:center;\"><span class=\" fusion-imageframe imageframe-none imageframe-1 hover-type-none\" style=\"border-radius:12px;margin-top:0px;margin-right:0px;margin-bottom:0px;margin-left:0px;\"><a class=\"fusion-no-lightbox\" href=\"https:\/\/www.linkedin.com\/posts\/plexus-tech_goodnews-gemelosdigitales-platgdia-activity-7146514515004735488-uBrB?utm_source=share&amp;utm_medium=member_desktop\" target=\"_self\" aria-label=\"Plexus Tech en ENISE 25\"><img width=\"1920\" height=\"1280\" alt=\"Equipo de Plexus Tech e ITechGrup by Plexus en ENISE 2025.\" src=\"https:\/\/www.plexus.es\/wp-content\/uploads\/2025\/10\/Plexus-Tech-en-ENISE-25.jpg\" data-orig-src=\"https:\/\/www.plexus.es\/wp-content\/uploads\/2025\/10\/Plexus-Tech-en-ENISE-25.jpg\" class=\"lazyload img-responsive wp-image-49857\" srcset=\"data:image\/svg+xml,%3Csvg%20xmlns%3D%27http%3A%2F%2Fwww.w3.org%2F2000%2Fsvg%27%20width%3D%271920%27%20height%3D%271280%27%20viewBox%3D%270%200%201920%201280%27%3E%3Crect%20width%3D%271920%27%20height%3D%271280%27%20fill-opacity%3D%220%22%2F%3E%3C%2Fsvg%3E\" data-srcset=\"https:\/\/www.plexus.es\/wp-content\/uploads\/2025\/10\/Plexus-Tech-en-ENISE-25-200x133.jpg 200w, https:\/\/www.plexus.es\/wp-content\/uploads\/2025\/10\/Plexus-Tech-en-ENISE-25-400x267.jpg 400w, https:\/\/www.plexus.es\/wp-content\/uploads\/2025\/10\/Plexus-Tech-en-ENISE-25-600x400.jpg 600w, https:\/\/www.plexus.es\/wp-content\/uploads\/2025\/10\/Plexus-Tech-en-ENISE-25-800x533.jpg 800w, https:\/\/www.plexus.es\/wp-content\/uploads\/2025\/10\/Plexus-Tech-en-ENISE-25-1200x800.jpg 1200w, https:\/\/www.plexus.es\/wp-content\/uploads\/2025\/10\/Plexus-Tech-en-ENISE-25.jpg 1920w\" data-sizes=\"auto\" data-orig-sizes=\"(max-width: 640px) 100vw, 400px\" \/><\/a><\/span><\/div><\/div><style type=\"text\/css\">.fusion-body .fusion-builder-column-0{width:33.333333333333% !important;margin-top : 0px;margin-bottom : 0px;}.fusion-builder-column-0 > .fusion-column-wrapper {padding-top : 0 !important;padding-right : 0px !important;margin-right : 5.76%;padding-bottom : 0 !important;padding-left : 0px !important;margin-left : 5.76%;}@media only screen and (max-width:1200px) {.fusion-body .fusion-builder-column-0{width:33.333333333333% !important;order : 0;}.fusion-builder-column-0 > .fusion-column-wrapper {margin-right : 5.76%;margin-left : 5.76%;}}@media only screen and (max-width:640px) {.fusion-body .fusion-builder-column-0{width:100% !important;order : 0;}.fusion-builder-column-0 > .fusion-column-wrapper {margin-right : 1.92%;margin-left : 1.92%;}}<\/style><\/div><div class=\"fusion-layout-column fusion_builder_column fusion-builder-column-1 fusion_builder_column_1_3 1_3 fusion-flex-column fusion-flex-align-self-stretch\"><div class=\"fusion-column-wrapper fusion-flex-justify-content-center fusion-content-layout-column\" style=\"background-position:left top;background-repeat:no-repeat;-webkit-background-size:cover;-moz-background-size:cover;-o-background-size:cover;background-size:cover;padding: 0px 0px 0px 0px;\"><div style=\"text-align:center;\"><span class=\" fusion-imageframe imageframe-none imageframe-2 hover-type-none\" style=\"border-radius:12px;margin-top:0px;margin-right:0px;margin-bottom:0px;margin-left:0px;\"><a class=\"fusion-no-lightbox\" href=\"https:\/\/www.linkedin.com\/posts\/plexus-tech_goodnews-gemelosdigitales-platgdia-activity-7146514515004735488-uBrB?utm_source=share&amp;utm_medium=member_desktop\" target=\"_self\" aria-label=\"Yago Garc\u00eda en ENISE 25\"><img width=\"1920\" height=\"1280\" alt=\"Ponencia de Yago Garc\u00eda, director de Innovaci\u00f3n de Plexus Tech, en el 19 ENISE.\" src=\"https:\/\/www.plexus.es\/wp-content\/uploads\/2025\/10\/Yago-Garcia-en-ENISE-25.jpg\" data-orig-src=\"https:\/\/www.plexus.es\/wp-content\/uploads\/2025\/10\/Yago-Garcia-en-ENISE-25.jpg\" class=\"lazyload img-responsive wp-image-49863\" srcset=\"data:image\/svg+xml,%3Csvg%20xmlns%3D%27http%3A%2F%2Fwww.w3.org%2F2000%2Fsvg%27%20width%3D%271920%27%20height%3D%271280%27%20viewBox%3D%270%200%201920%201280%27%3E%3Crect%20width%3D%271920%27%20height%3D%271280%27%20fill-opacity%3D%220%22%2F%3E%3C%2Fsvg%3E\" data-srcset=\"https:\/\/www.plexus.es\/wp-content\/uploads\/2025\/10\/Yago-Garcia-en-ENISE-25-200x133.jpg 200w, https:\/\/www.plexus.es\/wp-content\/uploads\/2025\/10\/Yago-Garcia-en-ENISE-25-400x267.jpg 400w, https:\/\/www.plexus.es\/wp-content\/uploads\/2025\/10\/Yago-Garcia-en-ENISE-25-600x400.jpg 600w, https:\/\/www.plexus.es\/wp-content\/uploads\/2025\/10\/Yago-Garcia-en-ENISE-25-800x533.jpg 800w, https:\/\/www.plexus.es\/wp-content\/uploads\/2025\/10\/Yago-Garcia-en-ENISE-25-1200x800.jpg 1200w, https:\/\/www.plexus.es\/wp-content\/uploads\/2025\/10\/Yago-Garcia-en-ENISE-25.jpg 1920w\" data-sizes=\"auto\" data-orig-sizes=\"(max-width: 640px) 100vw, 400px\" \/><\/a><\/span><\/div><\/div><style type=\"text\/css\">.fusion-body .fusion-builder-column-1{width:33.333333333333% !important;margin-top : 0px;margin-bottom : 0px;}.fusion-builder-column-1 > .fusion-column-wrapper {padding-top : 0 !important;padding-right : 0px !important;margin-right : 5.76%;padding-bottom : 0 !important;padding-left : 0px !important;margin-left : 5.76%;}@media only screen and (max-width:1200px) {.fusion-body .fusion-builder-column-1{width:33.333333333333% !important;order : 0;}.fusion-builder-column-1 > .fusion-column-wrapper {margin-right : 5.76%;margin-left : 5.76%;}}@media only screen and (max-width:640px) {.fusion-body .fusion-builder-column-1{width:100% !important;order : 0;}.fusion-builder-column-1 > .fusion-column-wrapper {margin-right : 1.92%;margin-left : 1.92%;}}<\/style><\/div><div class=\"fusion-layout-column fusion_builder_column fusion-builder-column-2 fusion_builder_column_1_3 1_3 fusion-flex-column fusion-flex-align-self-stretch\"><div class=\"fusion-column-wrapper fusion-flex-justify-content-center fusion-content-layout-column\" style=\"background-position:left top;background-repeat:no-repeat;-webkit-background-size:cover;-moz-background-size:cover;-o-background-size:cover;background-size:cover;padding: 0px 0px 0px 0px;\"><div style=\"text-align:center;\"><span class=\" fusion-imageframe imageframe-none imageframe-3 hover-type-none\" style=\"border-radius:12px;margin-top:0px;margin-right:0px;margin-bottom:0px;margin-left:0px;\"><a class=\"fusion-no-lightbox\" href=\"https:\/\/www.linkedin.com\/posts\/plexus-tech_goodnews-gemelosdigitales-platgdia-activity-7146514515004735488-uBrB?utm_source=share&amp;utm_medium=member_desktop\" target=\"_self\" aria-label=\"ENISE 2025 con Yago Garc\u00eda\"><img width=\"1920\" height=\"1280\" alt=\"&quot;Speaker Corner&quot; con Yago Garc\u00eda, de Plexus Tech, compartiendo nuestros retos en seguridad de la informaci\u00f3n.\" src=\"https:\/\/www.plexus.es\/wp-content\/uploads\/2025\/10\/ENISE-2025-con-Yago-Garcia.jpg\" data-orig-src=\"https:\/\/www.plexus.es\/wp-content\/uploads\/2025\/10\/ENISE-2025-con-Yago-Garcia.jpg\" class=\"lazyload img-responsive wp-image-49851\" srcset=\"data:image\/svg+xml,%3Csvg%20xmlns%3D%27http%3A%2F%2Fwww.w3.org%2F2000%2Fsvg%27%20width%3D%271920%27%20height%3D%271280%27%20viewBox%3D%270%200%201920%201280%27%3E%3Crect%20width%3D%271920%27%20height%3D%271280%27%20fill-opacity%3D%220%22%2F%3E%3C%2Fsvg%3E\" data-srcset=\"https:\/\/www.plexus.es\/wp-content\/uploads\/2025\/10\/ENISE-2025-con-Yago-Garcia-200x133.jpg 200w, https:\/\/www.plexus.es\/wp-content\/uploads\/2025\/10\/ENISE-2025-con-Yago-Garcia-400x267.jpg 400w, https:\/\/www.plexus.es\/wp-content\/uploads\/2025\/10\/ENISE-2025-con-Yago-Garcia-600x400.jpg 600w, https:\/\/www.plexus.es\/wp-content\/uploads\/2025\/10\/ENISE-2025-con-Yago-Garcia-800x533.jpg 800w, https:\/\/www.plexus.es\/wp-content\/uploads\/2025\/10\/ENISE-2025-con-Yago-Garcia-1200x800.jpg 1200w, https:\/\/www.plexus.es\/wp-content\/uploads\/2025\/10\/ENISE-2025-con-Yago-Garcia.jpg 1920w\" data-sizes=\"auto\" data-orig-sizes=\"(max-width: 640px) 100vw, 400px\" \/><\/a><\/span><\/div><\/div><style type=\"text\/css\">.fusion-body .fusion-builder-column-2{width:33.333333333333% !important;margin-top : 0px;margin-bottom : 0px;}.fusion-builder-column-2 > .fusion-column-wrapper {padding-top : 0 !important;padding-right : 0px !important;margin-right : 5.76%;padding-bottom : 0 !important;padding-left : 0px !important;margin-left : 5.76%;}@media only screen and (max-width:1200px) {.fusion-body .fusion-builder-column-2{width:33.333333333333% !important;order : 0;}.fusion-builder-column-2 > .fusion-column-wrapper {margin-right : 5.76%;margin-left : 5.76%;}}@media only screen and (max-width:640px) {.fusion-body .fusion-builder-column-2{width:100% !important;order : 0;}.fusion-builder-column-2 > .fusion-column-wrapper {margin-right : 1.92%;margin-left : 1.92%;}}<\/style><\/div><div class=\"fusion-layout-column fusion_builder_column fusion-builder-column-3 fusion_builder_column_1_1 1_1 fusion-flex-column\"><div class=\"fusion-column-wrapper fusion-flex-justify-content-flex-start fusion-content-layout-column\" style=\"background-position:left top;background-repeat:no-repeat;-webkit-background-size:cover;-moz-background-size:cover;-o-background-size:cover;background-size:cover;padding: 0px 0px 0px 0px;\"><div class=\"fusion-text fusion-text-1\"><h2>Plexus Tech estuvo presente en ENISE con un stand propio presentando sus soluciones innovadoras en materia de ciberseguridad.<\/h2>\n<p>Innovaci\u00f3n y colaboraci\u00f3n en la d\u00e9cimo novena edici\u00f3n de ENISE, con la presencia de Plexus Tech junto al ecosistema de la ciberseguridad. Un a\u00f1o m\u00e1s, <strong>hemos participado<\/strong> <strong>en el <a href=\"https:\/\/www.incibe.es\/eventos\/enise\" target=\"_blank\" rel=\"noopener\">Encuentro Internacional de Seguridad de la Informaci\u00f3n<\/a><\/strong> (ENISE), <strong>organizado por el Instituto Nacional de Ciberseguridad<\/strong> (INCIBE).<\/p>\n<p>La 19\u00aa edici\u00f3n del <strong>evento de referencia sobre ciberseguridad en Espa\u00f1a<\/strong> tuvo lugar en el Palacio de Congresos y Exposiciones de Le\u00f3n. Fueron tres jornadas intensas, en las que desde Plexus Tech pudimos conectar con clientes, proveedores, colaboradores, estudiantes y representantes del ecosistema tecnol\u00f3gico. Junto a ellos, compartimos experiencias, conocimiento y soluciones para afrontar los nuevos retos de la ciberseguridad.<\/p>\n<p>Adem\u00e1s, <a href=\"https:\/\/www.plexus.es\/servicios\/ciberseguridad\/\" target=\"_blank\" rel=\"noopener\"><strong>como expertos en esta \u00e1rea<\/strong><\/a>, desde nuestro stand propio hemos podido mostrar <strong>nuestras soluciones m\u00e1s innovadoras<\/strong> en:<\/p>\n<ul>\n<li><strong>CSIRT<\/strong> gestionado.<\/li>\n<li><strong>Zero Trust.<\/strong><\/li>\n<li><strong>Gesti\u00f3n y gobernanza<\/strong> de identidades.<\/li>\n<li>Ciberseguridad para <strong>coche aut\u00f3nomo.<\/strong><\/li>\n<li><strong>Tecnolog\u00eda cu\u00e1ntica<\/strong> aplicada.<\/li>\n<li>Proyectos de Compra P\u00fablica de Innovaci\u00f3n (<strong>CPI<\/strong>), que anticipan amenazas futuras.<\/li>\n<\/ul>\n<p>Asimismo, en el transcurso de ENISE, tambi\u00e9n participamos en varias sesiones destacadas. En este sentido,<strong> nuestro director de Innovaci\u00f3n, Yago Gonz\u00e1lez,<\/strong> ofreci\u00f3 una <strong>ponencia<\/strong> sobre <em>Ciberseguridad en la era del 5G y Edge Computing<\/em>.<\/p>\n<p>Adem\u00e1s, en el <em>Speaker Corner<\/em> <strong>compartimos retos, servicios e iniciativas de Plexus Tech<\/strong> orientadas a fortalecer la seguridad digital de organizaciones p\u00fablicas y privadas.<\/p>\n<p>Del mismo modo, gracias a nuestra presencia en el encuentro, <strong>tuvimos la oportunidad de avanzar en el proyecto Quantum Zero Trust (QZT)<\/strong>. Esta iniciativa CPI, liderada por INCIBE junto a Multiverse Computing e <strong>ITechGrup by Plexus<\/strong>, impulsa el desarrollo de tecnolog\u00edas cu\u00e1nticas aplicadas a la ciberseguridad.<\/p>\n<p>Por todo ello, ENISE 2025 ha vuelto a demostrar que <strong>la ciberseguridad es un pilar esencial de la transformaci\u00f3n digital<\/strong> y una prioridad compartida entre sectores p\u00fablicos y privados.<\/p>\n<\/div><\/div><style type=\"text\/css\">.fusion-body .fusion-builder-column-3{width:100% !important;margin-top : 20px;margin-bottom : 20px;}.fusion-builder-column-3 > .fusion-column-wrapper {padding-top : 0px !important;padding-right : 0px !important;margin-right : 1.92%;padding-bottom : 0px !important;padding-left : 0px !important;margin-left : 1.92%;}@media only screen and (max-width:1200px) {.fusion-body .fusion-builder-column-3{width:100% !important;order : 0;}.fusion-builder-column-3 > .fusion-column-wrapper {margin-right : 1.92%;margin-left : 1.92%;}}@media only screen and (max-width:640px) {.fusion-body .fusion-builder-column-3{width:100% !important;order : 0;}.fusion-builder-column-3 > .fusion-column-wrapper {margin-right : 1.92%;margin-left : 1.92%;}}<\/style><\/div><\/div><style type=\"text\/css\">.fusion-body .fusion-flex-container.fusion-builder-row-1{ padding-top : 0px;margin-top : 0;padding-right : 0px;padding-bottom : 0px;margin-bottom : 0;padding-left : 0px;}<\/style><\/div>\n","protected":false},"excerpt":{"rendered":"<p>Plexus Tech estuvo presente en ENISE con un stand propio, presentando sus soluciones innovadoras en materia de ciberseguridad.<\/p>\n","protected":false},"author":1,"featured_media":49840,"comment_status":"open","ping_status":"open","sticky":false,"template":"","format":"standard","meta":[],"categories":[40,107],"tags":[],"yoast_head":"<!-- This site is optimized with the Yoast SEO plugin v17.4 - https:\/\/yoast.com\/wordpress\/plugins\/seo\/ -->\n<title>Participamos en ENISE, evento de referencia sobre ciberseguridad<\/title>\n<meta name=\"description\" content=\"Plexus Tech estuvo presente en ENISE con un stand propio, presentando sus soluciones innovadoras en materia de ciberseguridad.\" \/>\n<meta name=\"robots\" content=\"index, follow, max-snippet:-1, max-image-preview:large, max-video-preview:-1\" \/>\n<link rel=\"canonical\" href=\"https:\/\/www.plexus.es\/participamos-enise-evento-referencia-ciberseguridad-espana\/\" \/>\n<meta property=\"og:locale\" content=\"pt_PT\" \/>\n<meta property=\"og:type\" content=\"article\" \/>\n<meta property=\"og:title\" content=\"Participamos en ENISE, evento de referencia sobre ciberseguridad\" \/>\n<meta property=\"og:description\" content=\"Plexus Tech estuvo presente en ENISE con un stand propio, presentando sus soluciones innovadoras en materia de ciberseguridad.\" \/>\n<meta property=\"og:url\" content=\"https:\/\/www.plexus.es\/participamos-enise-evento-referencia-ciberseguridad-espana\/\" \/>\n<meta property=\"og:site_name\" content=\"Plexus Tech\" \/>\n<meta property=\"article:publisher\" content=\"https:\/\/www.facebook.com\/Plexus.Techno\" \/>\n<meta property=\"article:published_time\" content=\"2025-10-17T12:00:32+00:00\" \/>\n<meta property=\"article:modified_time\" content=\"2025-10-23T12:10:10+00:00\" \/>\n<meta property=\"og:image\" content=\"https:\/\/www.plexus.es\/wp-content\/uploads\/2025\/10\/Web-Noticia-ENISE.png\" \/>\n\t<meta property=\"og:image:width\" content=\"807\" \/>\n\t<meta property=\"og:image:height\" content=\"601\" \/>\n<meta name=\"twitter:card\" content=\"summary_large_image\" \/>\n<meta name=\"twitter:creator\" content=\"@plexustech_\" \/>\n<meta name=\"twitter:site\" content=\"@plexustech_\" \/>\n<meta name=\"twitter:label1\" content=\"Escrito por\" \/>\n\t<meta name=\"twitter:data1\" content=\"admin_plexus\" \/>\n\t<meta name=\"twitter:label2\" content=\"Tempo estimado de leitura\" \/>\n\t<meta name=\"twitter:data2\" content=\"3 minutos\" \/>\n<script type=\"application\/ld+json\" class=\"yoast-schema-graph\">{\"@context\":\"https:\/\/schema.org\",\"@graph\":[{\"@type\":\"Organization\",\"@id\":\"https:\/\/www.plexus.es\/#organization\",\"name\":\"Plexus Tech\",\"url\":\"https:\/\/www.plexus.es\/\",\"sameAs\":[\"https:\/\/www.facebook.com\/Plexus.Techno\",\"https:\/\/www.instagram.com\/plexus.tech\/\",\"https:\/\/www.linkedin.com\/company\/plexus-tech\/mycompany\/\",\"https:\/\/www.youtube.com\/user\/tecnologiasplexus\",\"https:\/\/twitter.com\/plexustech_\"],\"logo\":{\"@type\":\"ImageObject\",\"@id\":\"https:\/\/www.plexus.es\/#logo\",\"inLanguage\":\"pt-PT\",\"url\":\"https:\/\/www.plexus.es\/wp-content\/uploads\/2021\/11\/logo-plexus-2021.png\",\"contentUrl\":\"https:\/\/www.plexus.es\/wp-content\/uploads\/2021\/11\/logo-plexus-2021.png\",\"width\":600,\"height\":600,\"caption\":\"Plexus Tech\"},\"image\":{\"@id\":\"https:\/\/www.plexus.es\/#logo\"}},{\"@type\":\"WebSite\",\"@id\":\"https:\/\/www.plexus.es\/#website\",\"url\":\"https:\/\/www.plexus.es\/\",\"name\":\"Plexus Tech\",\"description\":\"Tecnolog\\u00eda con Alma\",\"publisher\":{\"@id\":\"https:\/\/www.plexus.es\/#organization\"},\"potentialAction\":[{\"@type\":\"SearchAction\",\"target\":{\"@type\":\"EntryPoint\",\"urlTemplate\":\"https:\/\/www.plexus.es\/?s={search_term_string}\"},\"query-input\":\"required name=search_term_string\"}],\"inLanguage\":\"pt-PT\"},{\"@type\":\"ImageObject\",\"@id\":\"https:\/\/www.plexus.es\/participamos-enise-evento-referencia-ciberseguridad-espana\/#primaryimage\",\"inLanguage\":\"pt-PT\",\"url\":\"https:\/\/www.plexus.es\/wp-content\/uploads\/2025\/10\/Web-Noticia-ENISE.png\",\"contentUrl\":\"https:\/\/www.plexus.es\/wp-content\/uploads\/2025\/10\/Web-Noticia-ENISE.png\",\"width\":807,\"height\":601,\"caption\":\"Presentaci\\u00f3n de Plexus Tech en esta nueva edici\\u00f3n de ENISE.\"},{\"@type\":\"WebPage\",\"@id\":\"https:\/\/www.plexus.es\/participamos-enise-evento-referencia-ciberseguridad-espana\/#webpage\",\"url\":\"https:\/\/www.plexus.es\/participamos-enise-evento-referencia-ciberseguridad-espana\/\",\"name\":\"Participamos en ENISE, evento de referencia sobre ciberseguridad\",\"isPartOf\":{\"@id\":\"https:\/\/www.plexus.es\/#website\"},\"primaryImageOfPage\":{\"@id\":\"https:\/\/www.plexus.es\/participamos-enise-evento-referencia-ciberseguridad-espana\/#primaryimage\"},\"datePublished\":\"2025-10-17T12:00:32+00:00\",\"dateModified\":\"2025-10-23T12:10:10+00:00\",\"description\":\"Plexus Tech estuvo presente en ENISE con un stand propio, presentando sus soluciones innovadoras en materia de ciberseguridad.\",\"breadcrumb\":{\"@id\":\"https:\/\/www.plexus.es\/participamos-enise-evento-referencia-ciberseguridad-espana\/#breadcrumb\"},\"inLanguage\":\"pt-PT\",\"potentialAction\":[{\"@type\":\"ReadAction\",\"target\":[\"https:\/\/www.plexus.es\/participamos-enise-evento-referencia-ciberseguridad-espana\/\"]}]},{\"@type\":\"BreadcrumbList\",\"@id\":\"https:\/\/www.plexus.es\/participamos-enise-evento-referencia-ciberseguridad-espana\/#breadcrumb\",\"itemListElement\":[{\"@type\":\"ListItem\",\"position\":1,\"name\":\"Home\",\"item\":\"https:\/\/www.plexus.es\/\"},{\"@type\":\"ListItem\",\"position\":2,\"name\":\"Participamos en ENISE, el evento de referencia sobre ciberseguridad en Espa\\u00f1a\"}]},{\"@type\":\"Article\",\"@id\":\"https:\/\/www.plexus.es\/participamos-enise-evento-referencia-ciberseguridad-espana\/#article\",\"isPartOf\":{\"@id\":\"https:\/\/www.plexus.es\/participamos-enise-evento-referencia-ciberseguridad-espana\/#webpage\"},\"author\":{\"@id\":\"https:\/\/www.plexus.es\/#\/schema\/person\/8f02d5ce6d7b659fa68b0e90317c5171\"},\"headline\":\"Participamos en ENISE, el evento de referencia sobre ciberseguridad en Espa\\u00f1a\",\"datePublished\":\"2025-10-17T12:00:32+00:00\",\"dateModified\":\"2025-10-23T12:10:10+00:00\",\"mainEntityOfPage\":{\"@id\":\"https:\/\/www.plexus.es\/participamos-enise-evento-referencia-ciberseguridad-espana\/#webpage\"},\"wordCount\":2251,\"commentCount\":0,\"publisher\":{\"@id\":\"https:\/\/www.plexus.es\/#organization\"},\"image\":{\"@id\":\"https:\/\/www.plexus.es\/participamos-enise-evento-referencia-ciberseguridad-espana\/#primaryimage\"},\"thumbnailUrl\":\"https:\/\/www.plexus.es\/wp-content\/uploads\/2025\/10\/Web-Noticia-ENISE.png\",\"articleSection\":[\"Ciberseguridad\",\"Eventos\"],\"inLanguage\":\"pt-PT\",\"potentialAction\":[{\"@type\":\"CommentAction\",\"name\":\"Comment\",\"target\":[\"https:\/\/www.plexus.es\/participamos-enise-evento-referencia-ciberseguridad-espana\/#respond\"]}]},{\"@type\":\"Person\",\"@id\":\"https:\/\/www.plexus.es\/#\/schema\/person\/8f02d5ce6d7b659fa68b0e90317c5171\",\"name\":\"admin_plexus\",\"image\":{\"@type\":\"ImageObject\",\"@id\":\"https:\/\/www.plexus.es\/#personlogo\",\"inLanguage\":\"pt-PT\",\"url\":\"https:\/\/secure.gravatar.com\/avatar\/c1d7caf9a4063a74393abcf91991e9cd?s=96&d=mm&r=g\",\"contentUrl\":\"https:\/\/secure.gravatar.com\/avatar\/c1d7caf9a4063a74393abcf91991e9cd?s=96&d=mm&r=g\",\"caption\":\"admin_plexus\"},\"sameAs\":[\"https:\/\/www.plexus.es\"]}]}<\/script>\n<!-- \/ Yoast SEO plugin. -->","yoast_head_json":{"title":"Participamos en ENISE, evento de referencia sobre ciberseguridad","description":"Plexus Tech estuvo presente en ENISE con un stand propio, presentando sus soluciones innovadoras en materia de ciberseguridad.","robots":{"index":"index","follow":"follow","max-snippet":"max-snippet:-1","max-image-preview":"max-image-preview:large","max-video-preview":"max-video-preview:-1"},"canonical":"https:\/\/www.plexus.es\/participamos-enise-evento-referencia-ciberseguridad-espana\/","og_locale":"pt_PT","og_type":"article","og_title":"Participamos en ENISE, evento de referencia sobre ciberseguridad","og_description":"Plexus Tech estuvo presente en ENISE con un stand propio, presentando sus soluciones innovadoras en materia de ciberseguridad.","og_url":"https:\/\/www.plexus.es\/participamos-enise-evento-referencia-ciberseguridad-espana\/","og_site_name":"Plexus Tech","article_publisher":"https:\/\/www.facebook.com\/Plexus.Techno","article_published_time":"2025-10-17T12:00:32+00:00","article_modified_time":"2025-10-23T12:10:10+00:00","og_image":[{"width":807,"height":601,"url":"https:\/\/www.plexus.es\/wp-content\/uploads\/2025\/10\/Web-Noticia-ENISE.png","type":"image\/png"}],"twitter_card":"summary_large_image","twitter_creator":"@plexustech_","twitter_site":"@plexustech_","twitter_misc":{"Escrito por":"admin_plexus","Tempo estimado de leitura":"3 minutos"},"schema":{"@context":"https:\/\/schema.org","@graph":[{"@type":"Organization","@id":"https:\/\/www.plexus.es\/#organization","name":"Plexus Tech","url":"https:\/\/www.plexus.es\/","sameAs":["https:\/\/www.facebook.com\/Plexus.Techno","https:\/\/www.instagram.com\/plexus.tech\/","https:\/\/www.linkedin.com\/company\/plexus-tech\/mycompany\/","https:\/\/www.youtube.com\/user\/tecnologiasplexus","https:\/\/twitter.com\/plexustech_"],"logo":{"@type":"ImageObject","@id":"https:\/\/www.plexus.es\/#logo","inLanguage":"pt-PT","url":"https:\/\/www.plexus.es\/wp-content\/uploads\/2021\/11\/logo-plexus-2021.png","contentUrl":"https:\/\/www.plexus.es\/wp-content\/uploads\/2021\/11\/logo-plexus-2021.png","width":600,"height":600,"caption":"Plexus Tech"},"image":{"@id":"https:\/\/www.plexus.es\/#logo"}},{"@type":"WebSite","@id":"https:\/\/www.plexus.es\/#website","url":"https:\/\/www.plexus.es\/","name":"Plexus Tech","description":"Tecnolog\u00eda con Alma","publisher":{"@id":"https:\/\/www.plexus.es\/#organization"},"potentialAction":[{"@type":"SearchAction","target":{"@type":"EntryPoint","urlTemplate":"https:\/\/www.plexus.es\/?s={search_term_string}"},"query-input":"required name=search_term_string"}],"inLanguage":"pt-PT"},{"@type":"ImageObject","@id":"https:\/\/www.plexus.es\/participamos-enise-evento-referencia-ciberseguridad-espana\/#primaryimage","inLanguage":"pt-PT","url":"https:\/\/www.plexus.es\/wp-content\/uploads\/2025\/10\/Web-Noticia-ENISE.png","contentUrl":"https:\/\/www.plexus.es\/wp-content\/uploads\/2025\/10\/Web-Noticia-ENISE.png","width":807,"height":601,"caption":"Presentaci\u00f3n de Plexus Tech en esta nueva edici\u00f3n de ENISE."},{"@type":"WebPage","@id":"https:\/\/www.plexus.es\/participamos-enise-evento-referencia-ciberseguridad-espana\/#webpage","url":"https:\/\/www.plexus.es\/participamos-enise-evento-referencia-ciberseguridad-espana\/","name":"Participamos en ENISE, evento de referencia sobre ciberseguridad","isPartOf":{"@id":"https:\/\/www.plexus.es\/#website"},"primaryImageOfPage":{"@id":"https:\/\/www.plexus.es\/participamos-enise-evento-referencia-ciberseguridad-espana\/#primaryimage"},"datePublished":"2025-10-17T12:00:32+00:00","dateModified":"2025-10-23T12:10:10+00:00","description":"Plexus Tech estuvo presente en ENISE con un stand propio, presentando sus soluciones innovadoras en materia de ciberseguridad.","breadcrumb":{"@id":"https:\/\/www.plexus.es\/participamos-enise-evento-referencia-ciberseguridad-espana\/#breadcrumb"},"inLanguage":"pt-PT","potentialAction":[{"@type":"ReadAction","target":["https:\/\/www.plexus.es\/participamos-enise-evento-referencia-ciberseguridad-espana\/"]}]},{"@type":"BreadcrumbList","@id":"https:\/\/www.plexus.es\/participamos-enise-evento-referencia-ciberseguridad-espana\/#breadcrumb","itemListElement":[{"@type":"ListItem","position":1,"name":"Home","item":"https:\/\/www.plexus.es\/"},{"@type":"ListItem","position":2,"name":"Participamos en ENISE, el evento de referencia sobre ciberseguridad en Espa\u00f1a"}]},{"@type":"Article","@id":"https:\/\/www.plexus.es\/participamos-enise-evento-referencia-ciberseguridad-espana\/#article","isPartOf":{"@id":"https:\/\/www.plexus.es\/participamos-enise-evento-referencia-ciberseguridad-espana\/#webpage"},"author":{"@id":"https:\/\/www.plexus.es\/#\/schema\/person\/8f02d5ce6d7b659fa68b0e90317c5171"},"headline":"Participamos en ENISE, el evento de referencia sobre ciberseguridad en Espa\u00f1a","datePublished":"2025-10-17T12:00:32+00:00","dateModified":"2025-10-23T12:10:10+00:00","mainEntityOfPage":{"@id":"https:\/\/www.plexus.es\/participamos-enise-evento-referencia-ciberseguridad-espana\/#webpage"},"wordCount":2251,"commentCount":0,"publisher":{"@id":"https:\/\/www.plexus.es\/#organization"},"image":{"@id":"https:\/\/www.plexus.es\/participamos-enise-evento-referencia-ciberseguridad-espana\/#primaryimage"},"thumbnailUrl":"https:\/\/www.plexus.es\/wp-content\/uploads\/2025\/10\/Web-Noticia-ENISE.png","articleSection":["Ciberseguridad","Eventos"],"inLanguage":"pt-PT","potentialAction":[{"@type":"CommentAction","name":"Comment","target":["https:\/\/www.plexus.es\/participamos-enise-evento-referencia-ciberseguridad-espana\/#respond"]}]},{"@type":"Person","@id":"https:\/\/www.plexus.es\/#\/schema\/person\/8f02d5ce6d7b659fa68b0e90317c5171","name":"admin_plexus","image":{"@type":"ImageObject","@id":"https:\/\/www.plexus.es\/#personlogo","inLanguage":"pt-PT","url":"https:\/\/secure.gravatar.com\/avatar\/c1d7caf9a4063a74393abcf91991e9cd?s=96&d=mm&r=g","contentUrl":"https:\/\/secure.gravatar.com\/avatar\/c1d7caf9a4063a74393abcf91991e9cd?s=96&d=mm&r=g","caption":"admin_plexus"},"sameAs":["https:\/\/www.plexus.es"]}]}},"_links":{"self":[{"href":"https:\/\/www.plexus.es\/pt-pt\/wp-json\/wp\/v2\/posts\/49839"}],"collection":[{"href":"https:\/\/www.plexus.es\/pt-pt\/wp-json\/wp\/v2\/posts"}],"about":[{"href":"https:\/\/www.plexus.es\/pt-pt\/wp-json\/wp\/v2\/types\/post"}],"author":[{"embeddable":true,"href":"https:\/\/www.plexus.es\/pt-pt\/wp-json\/wp\/v2\/users\/1"}],"replies":[{"embeddable":true,"href":"https:\/\/www.plexus.es\/pt-pt\/wp-json\/wp\/v2\/comments?post=49839"}],"version-history":[{"count":1,"href":"https:\/\/www.plexus.es\/pt-pt\/wp-json\/wp\/v2\/posts\/49839\/revisions"}],"predecessor-version":[{"id":49864,"href":"https:\/\/www.plexus.es\/pt-pt\/wp-json\/wp\/v2\/posts\/49839\/revisions\/49864"}],"wp:featuredmedia":[{"embeddable":true,"href":"https:\/\/www.plexus.es\/pt-pt\/wp-json\/wp\/v2\/media\/49840"}],"wp:attachment":[{"href":"https:\/\/www.plexus.es\/pt-pt\/wp-json\/wp\/v2\/media?parent=49839"}],"wp:term":[{"taxonomy":"category","embeddable":true,"href":"https:\/\/www.plexus.es\/pt-pt\/wp-json\/wp\/v2\/categories?post=49839"},{"taxonomy":"post_tag","embeddable":true,"href":"https:\/\/www.plexus.es\/pt-pt\/wp-json\/wp\/v2\/tags?post=49839"}],"curies":[{"name":"wp","href":"https:\/\/api.w.org\/{rel}","templated":true}]}}