{"id":49976,"date":"2025-11-10T11:00:34","date_gmt":"2025-11-10T10:00:34","guid":{"rendered":"https:\/\/www.plexus.es\/?p=49976"},"modified":"2025-11-10T11:18:50","modified_gmt":"2025-11-10T10:18:50","slug":"impulsamos-talento-joven-gallego-xunta-de-galicia","status":"publish","type":"post","link":"https:\/\/www.plexus.es\/pt-pt\/impulsamos-talento-joven-gallego-xunta-de-galicia\/","title":{"rendered":"Impulsamos el talento joven gallego de la mano de la Xunta de Galicia"},"content":{"rendered":"<div class=\"fusion-fullwidth fullwidth-box fusion-builder-row-1 fusion-flex-container container-detail-news plexus_css nonhundred-percent-fullwidth non-hundred-percent-height-scrolling\" style=\"background-color: rgba(255,255,255,0);background-position: center center;background-repeat: no-repeat;border-width: 0px 0px 0px 0px;border-color:#e8ebef;border-style:solid;\" ><div class=\"fusion-builder-row fusion-row fusion-flex-align-items-flex-start\" style=\"max-width:1310.4px;margin-left: calc(-4% \/ 2 );margin-right: calc(-4% \/ 2 );\"><div class=\"fusion-layout-column fusion_builder_column fusion-builder-column-0 fusion_builder_column_1_1 1_1 fusion-flex-column fusion-flex-align-self-stretch\"><div class=\"fusion-column-wrapper fusion-flex-justify-content-center fusion-content-layout-column\" style=\"background-position:left top;background-repeat:no-repeat;-webkit-background-size:cover;-moz-background-size:cover;-o-background-size:cover;background-size:cover;padding: 0px 0px 0px 0px;\"><div style=\"text-align:center;\"><span class=\" fusion-imageframe imageframe-none imageframe-1 hover-type-none\" style=\"border-radius:12px;margin-top:0px;margin-right:0px;margin-bottom:0px;margin-left:0px;\"><a class=\"fusion-no-lightbox\" href=\"https:\/\/www.linkedin.com\/posts\/plexus-tech_goodnews-gemelosdigitales-platgdia-activity-7146514515004735488-uBrB?utm_source=share&amp;utm_medium=member_desktop\" target=\"_self\" aria-label=\"Noticia Web Programa Empleo Xunta\"><img width=\"948\" height=\"600\" alt=\"En Plexus Tech impulsamos la contrataci\u00f3n de talento joven gallego con el Programa de incentivos a la contrataci\u00f3n por cuenta ajena [TR342C], de la Xunta de Galicia y cofinanciado por el SEPE.]\" src=\"https:\/\/www.plexus.es\/wp-content\/uploads\/2025\/11\/Noticia-Web-Programa-Empleo-Xunta.png\" data-orig-src=\"https:\/\/www.plexus.es\/wp-content\/uploads\/2025\/11\/Noticia-Web-Programa-Empleo-Xunta.png\" class=\"lazyload img-responsive wp-image-49982\" srcset=\"data:image\/svg+xml,%3Csvg%20xmlns%3D%27http%3A%2F%2Fwww.w3.org%2F2000%2Fsvg%27%20width%3D%27948%27%20height%3D%27600%27%20viewBox%3D%270%200%20948%20600%27%3E%3Crect%20width%3D%27948%27%20height%3D%27600%27%20fill-opacity%3D%220%22%2F%3E%3C%2Fsvg%3E\" data-srcset=\"https:\/\/www.plexus.es\/wp-content\/uploads\/2025\/11\/Noticia-Web-Programa-Empleo-Xunta-200x127.png 200w, https:\/\/www.plexus.es\/wp-content\/uploads\/2025\/11\/Noticia-Web-Programa-Empleo-Xunta-400x253.png 400w, https:\/\/www.plexus.es\/wp-content\/uploads\/2025\/11\/Noticia-Web-Programa-Empleo-Xunta-600x380.png 600w, https:\/\/www.plexus.es\/wp-content\/uploads\/2025\/11\/Noticia-Web-Programa-Empleo-Xunta-800x506.png 800w, https:\/\/www.plexus.es\/wp-content\/uploads\/2025\/11\/Noticia-Web-Programa-Empleo-Xunta.png 948w\" data-sizes=\"auto\" data-orig-sizes=\"(max-width: 640px) 100vw, 948px\" \/><\/a><\/span><\/div><\/div><style type=\"text\/css\">.fusion-body .fusion-builder-column-0{width:100% !important;margin-top : 0px;margin-bottom : 0px;}.fusion-builder-column-0 > .fusion-column-wrapper {padding-top : 0 !important;padding-right : 0px !important;margin-right : 1.92%;padding-bottom : 0 !important;padding-left : 0px !important;margin-left : 1.92%;}@media only screen and (max-width:1200px) {.fusion-body .fusion-builder-column-0{width:100% !important;order : 0;}.fusion-builder-column-0 > .fusion-column-wrapper {margin-right : 1.92%;margin-left : 1.92%;}}@media only screen and (max-width:640px) {.fusion-body .fusion-builder-column-0{width:100% !important;order : 0;}.fusion-builder-column-0 > .fusion-column-wrapper {margin-right : 1.92%;margin-left : 1.92%;}}<\/style><\/div><div class=\"fusion-layout-column fusion_builder_column fusion-builder-column-1 fusion_builder_column_1_1 1_1 fusion-flex-column\"><div class=\"fusion-column-wrapper fusion-flex-justify-content-flex-start fusion-content-layout-column\" style=\"background-position:left top;background-repeat:no-repeat;-webkit-background-size:cover;-moz-background-size:cover;-o-background-size:cover;background-size:cover;padding: 0px 0px 0px 0px;\"><div class=\"fusion-text fusion-text-1\"><h2>Apostamos por la inserci\u00f3n laboral de talento joven desempleado, en esta ocasi\u00f3n, en el \u00e1rea de Vigo.<\/h2>\n<p><strong>En Plexus Tech creemos en el talento joven y apostamos por \u00e9l.<\/strong> Por ello, de la mano de la Xunta de Galicia, seguimos impulsando la inserci\u00f3n laboral de j\u00f3venes desempleados. En esta ocasi\u00f3n, en el \u00e1rea de <strong>Vigo<\/strong>.<\/p>\n<p>A trav\u00e9s del \u201c<strong>Programa de incentivos a la contrataci\u00f3n por cuenta ajena [TR342C]<\/strong>\u201d, del Plan Galicia Emplea, incorporamos nuevo talento joven a nuestros equipos. Una <a href=\"https:\/\/conselleriaemprego.xunta.gal\/portada\" target=\"_blank\" rel=\"noopener\"><strong>iniciativa de la Conseller\u00eda de Emprego<\/strong><\/a>, Comercio e Emigraci\u00f3n, <strong>y cofinanciada<\/strong> por el Servicio P\u00fablico de Empleo Estatal (<a href=\"https:\/\/www.sepe.es\/HomeSepe\/es\/\" target=\"_blank\" rel=\"noopener\"><strong>SEPE<\/strong><\/a>), que incentiva la entrada en el mundo empresarial, en general, y en el tecnol\u00f3gico, en particular, de colectivos m\u00e1s vulnerables.<\/p>\n<p>De este modo, facilitamos su inserci\u00f3n laboral en un sector con amplias oportunidades. Y lo hacemos con su <strong>incorporaci\u00f3n de forma indefinida.<\/strong> As\u00ed, reforzamos nuestro compromiso con el <strong>desarrollo del talento local<\/strong> <strong>y la <a href=\"https:\/\/www.plexus.es\/unete-al-equipo\/\" target=\"_blank\" rel=\"noopener\">creaci\u00f3n de oportunidades laborale<\/a>s sostenibles, igualitarias y estables.<\/strong><\/p>\n<p>Asimismo, con esta colaboraci\u00f3n, no s\u00f3lo impulsamos y reforzamos el talento en Vigo, sino que tambi\u00e9n contribuimos al desarrollo econ\u00f3mico y social de toda Galicia. Adem\u00e1s, alineamos tambi\u00e9n nuestras acciones con valores de <strong>responsabilidad, inclusi\u00f3n y compromiso social.<\/strong><\/p>\n<\/div><\/div><style type=\"text\/css\">.fusion-body .fusion-builder-column-1{width:100% !important;margin-top : 20px;margin-bottom : 20px;}.fusion-builder-column-1 > .fusion-column-wrapper {padding-top : 0px !important;padding-right : 0px !important;margin-right : 1.92%;padding-bottom : 0px !important;padding-left : 0px !important;margin-left : 1.92%;}@media only screen and (max-width:1200px) {.fusion-body .fusion-builder-column-1{width:100% !important;order : 0;}.fusion-builder-column-1 > .fusion-column-wrapper {margin-right : 1.92%;margin-left : 1.92%;}}@media only screen and (max-width:640px) {.fusion-body .fusion-builder-column-1{width:100% !important;order : 0;}.fusion-builder-column-1 > .fusion-column-wrapper {margin-right : 1.92%;margin-left : 1.92%;}}<\/style><\/div><\/div><style type=\"text\/css\">.fusion-body .fusion-flex-container.fusion-builder-row-1{ padding-top : 0px;margin-top : 0;padding-right : 0px;padding-bottom : 0px;margin-bottom : 0;padding-left : 0px;}<\/style><\/div>\n","protected":false},"excerpt":{"rendered":"<p>Apostamos por la inserci\u00f3n laboral de j\u00f3venes desempleados con el Plan Galicia Emplea, en esta ocasi\u00f3n, en el \u00e1rea de Vigo.<\/p>\n","protected":false},"author":1,"featured_media":49977,"comment_status":"open","ping_status":"open","sticky":false,"template":"","format":"standard","meta":[],"categories":[45],"tags":[],"yoast_head":"<!-- This site is optimized with the Yoast SEO plugin v17.4 - https:\/\/yoast.com\/wordpress\/plugins\/seo\/ -->\n<title>Impulsamos el talento joven gallego de la mano de la Xunta<\/title>\n<meta name=\"description\" content=\"Con el Plan Galicia Emplea, apostamos por la inserci\u00f3n laboral de talento joven desempleado, en esta ocasi\u00f3n, en el \u00e1rea de Vigo.\" \/>\n<meta name=\"robots\" content=\"index, follow, max-snippet:-1, max-image-preview:large, max-video-preview:-1\" \/>\n<link rel=\"canonical\" href=\"https:\/\/www.plexus.es\/impulsamos-talento-joven-gallego-xunta-de-galicia\/\" \/>\n<meta property=\"og:locale\" content=\"pt_PT\" \/>\n<meta property=\"og:type\" content=\"article\" \/>\n<meta property=\"og:title\" content=\"Impulsamos el talento joven gallego de la mano de la Xunta\" \/>\n<meta property=\"og:description\" content=\"Con el Plan Galicia Emplea, apostamos por la inserci\u00f3n laboral de talento joven desempleado, en esta ocasi\u00f3n, en el \u00e1rea de Vigo.\" \/>\n<meta property=\"og:url\" content=\"https:\/\/www.plexus.es\/impulsamos-talento-joven-gallego-xunta-de-galicia\/\" \/>\n<meta property=\"og:site_name\" content=\"Plexus Tech\" \/>\n<meta property=\"article:publisher\" content=\"https:\/\/www.facebook.com\/Plexus.Techno\" \/>\n<meta property=\"article:published_time\" content=\"2025-11-10T10:00:34+00:00\" \/>\n<meta property=\"article:modified_time\" content=\"2025-11-10T10:18:50+00:00\" \/>\n<meta property=\"og:image\" content=\"https:\/\/www.plexus.es\/wp-content\/uploads\/2025\/11\/Noticia-Web-Programa-Empleo-Xunta.png\" \/>\n\t<meta property=\"og:image:width\" content=\"948\" \/>\n\t<meta property=\"og:image:height\" content=\"600\" \/>\n<meta name=\"twitter:card\" content=\"summary_large_image\" \/>\n<meta name=\"twitter:creator\" content=\"@plexustech_\" \/>\n<meta name=\"twitter:site\" content=\"@plexustech_\" \/>\n<meta name=\"twitter:label1\" content=\"Escrito por\" \/>\n\t<meta name=\"twitter:data1\" content=\"admin_plexus\" \/>\n\t<meta name=\"twitter:label2\" content=\"Tempo estimado de leitura\" \/>\n\t<meta name=\"twitter:data2\" content=\"3 minutos\" \/>\n<script type=\"application\/ld+json\" class=\"yoast-schema-graph\">{\"@context\":\"https:\/\/schema.org\",\"@graph\":[{\"@type\":\"Organization\",\"@id\":\"https:\/\/www.plexus.es\/#organization\",\"name\":\"Plexus Tech\",\"url\":\"https:\/\/www.plexus.es\/\",\"sameAs\":[\"https:\/\/www.facebook.com\/Plexus.Techno\",\"https:\/\/www.instagram.com\/plexus.tech\/\",\"https:\/\/www.linkedin.com\/company\/plexus-tech\/mycompany\/\",\"https:\/\/www.youtube.com\/user\/tecnologiasplexus\",\"https:\/\/twitter.com\/plexustech_\"],\"logo\":{\"@type\":\"ImageObject\",\"@id\":\"https:\/\/www.plexus.es\/#logo\",\"inLanguage\":\"pt-PT\",\"url\":\"https:\/\/www.plexus.es\/wp-content\/uploads\/2021\/11\/logo-plexus-2021.png\",\"contentUrl\":\"https:\/\/www.plexus.es\/wp-content\/uploads\/2021\/11\/logo-plexus-2021.png\",\"width\":600,\"height\":600,\"caption\":\"Plexus Tech\"},\"image\":{\"@id\":\"https:\/\/www.plexus.es\/#logo\"}},{\"@type\":\"WebSite\",\"@id\":\"https:\/\/www.plexus.es\/#website\",\"url\":\"https:\/\/www.plexus.es\/\",\"name\":\"Plexus Tech\",\"description\":\"Tecnolog\\u00eda con Alma\",\"publisher\":{\"@id\":\"https:\/\/www.plexus.es\/#organization\"},\"potentialAction\":[{\"@type\":\"SearchAction\",\"target\":{\"@type\":\"EntryPoint\",\"urlTemplate\":\"https:\/\/www.plexus.es\/?s={search_term_string}\"},\"query-input\":\"required name=search_term_string\"}],\"inLanguage\":\"pt-PT\"},{\"@type\":\"ImageObject\",\"@id\":\"https:\/\/www.plexus.es\/impulsamos-talento-joven-gallego-xunta-de-galicia\/#primaryimage\",\"inLanguage\":\"pt-PT\",\"url\":\"https:\/\/www.plexus.es\/wp-content\/uploads\/2025\/11\/Noticia-Web-Programa-Empleo-Xunta.png\",\"contentUrl\":\"https:\/\/www.plexus.es\/wp-content\/uploads\/2025\/11\/Noticia-Web-Programa-Empleo-Xunta.png\",\"width\":948,\"height\":600,\"caption\":\"En Plexus Tech impulsamos la contrataci\\u00f3n de talento joven gallego con el Programa de incentivos a la contrataci\\u00f3n por cuenta ajena [TR342C], de la Xunta de Galicia y cofinanciado por el SEPE.]\"},{\"@type\":\"WebPage\",\"@id\":\"https:\/\/www.plexus.es\/impulsamos-talento-joven-gallego-xunta-de-galicia\/#webpage\",\"url\":\"https:\/\/www.plexus.es\/impulsamos-talento-joven-gallego-xunta-de-galicia\/\",\"name\":\"Impulsamos el talento joven gallego de la mano de la Xunta\",\"isPartOf\":{\"@id\":\"https:\/\/www.plexus.es\/#website\"},\"primaryImageOfPage\":{\"@id\":\"https:\/\/www.plexus.es\/impulsamos-talento-joven-gallego-xunta-de-galicia\/#primaryimage\"},\"datePublished\":\"2025-11-10T10:00:34+00:00\",\"dateModified\":\"2025-11-10T10:18:50+00:00\",\"description\":\"Con el Plan Galicia Emplea, apostamos por la inserci\\u00f3n laboral de talento joven desempleado, en esta ocasi\\u00f3n, en el \\u00e1rea de Vigo.\",\"breadcrumb\":{\"@id\":\"https:\/\/www.plexus.es\/impulsamos-talento-joven-gallego-xunta-de-galicia\/#breadcrumb\"},\"inLanguage\":\"pt-PT\",\"potentialAction\":[{\"@type\":\"ReadAction\",\"target\":[\"https:\/\/www.plexus.es\/impulsamos-talento-joven-gallego-xunta-de-galicia\/\"]}]},{\"@type\":\"BreadcrumbList\",\"@id\":\"https:\/\/www.plexus.es\/impulsamos-talento-joven-gallego-xunta-de-galicia\/#breadcrumb\",\"itemListElement\":[{\"@type\":\"ListItem\",\"position\":1,\"name\":\"Home\",\"item\":\"https:\/\/www.plexus.es\/\"},{\"@type\":\"ListItem\",\"position\":2,\"name\":\"Impulsamos el talento joven gallego de la mano de la Xunta de Galicia\"}]},{\"@type\":\"Article\",\"@id\":\"https:\/\/www.plexus.es\/impulsamos-talento-joven-gallego-xunta-de-galicia\/#article\",\"isPartOf\":{\"@id\":\"https:\/\/www.plexus.es\/impulsamos-talento-joven-gallego-xunta-de-galicia\/#webpage\"},\"author\":{\"@id\":\"https:\/\/www.plexus.es\/#\/schema\/person\/8f02d5ce6d7b659fa68b0e90317c5171\"},\"headline\":\"Impulsamos el talento joven gallego de la mano de la Xunta de Galicia\",\"datePublished\":\"2025-11-10T10:00:34+00:00\",\"dateModified\":\"2025-11-10T10:18:50+00:00\",\"mainEntityOfPage\":{\"@id\":\"https:\/\/www.plexus.es\/impulsamos-talento-joven-gallego-xunta-de-galicia\/#webpage\"},\"wordCount\":1316,\"commentCount\":0,\"publisher\":{\"@id\":\"https:\/\/www.plexus.es\/#organization\"},\"image\":{\"@id\":\"https:\/\/www.plexus.es\/impulsamos-talento-joven-gallego-xunta-de-galicia\/#primaryimage\"},\"thumbnailUrl\":\"https:\/\/www.plexus.es\/wp-content\/uploads\/2025\/11\/Noticia-Web-Programa-Empleo-Xunta.png\",\"articleSection\":[\"Talento\"],\"inLanguage\":\"pt-PT\",\"potentialAction\":[{\"@type\":\"CommentAction\",\"name\":\"Comment\",\"target\":[\"https:\/\/www.plexus.es\/impulsamos-talento-joven-gallego-xunta-de-galicia\/#respond\"]}]},{\"@type\":\"Person\",\"@id\":\"https:\/\/www.plexus.es\/#\/schema\/person\/8f02d5ce6d7b659fa68b0e90317c5171\",\"name\":\"admin_plexus\",\"image\":{\"@type\":\"ImageObject\",\"@id\":\"https:\/\/www.plexus.es\/#personlogo\",\"inLanguage\":\"pt-PT\",\"url\":\"https:\/\/secure.gravatar.com\/avatar\/c1d7caf9a4063a74393abcf91991e9cd?s=96&d=mm&r=g\",\"contentUrl\":\"https:\/\/secure.gravatar.com\/avatar\/c1d7caf9a4063a74393abcf91991e9cd?s=96&d=mm&r=g\",\"caption\":\"admin_plexus\"},\"sameAs\":[\"https:\/\/www.plexus.es\"]}]}<\/script>\n<!-- \/ Yoast SEO plugin. -->","yoast_head_json":{"title":"Impulsamos el talento joven gallego de la mano de la Xunta","description":"Con el Plan Galicia Emplea, apostamos por la inserci\u00f3n laboral de talento joven desempleado, en esta ocasi\u00f3n, en el \u00e1rea de Vigo.","robots":{"index":"index","follow":"follow","max-snippet":"max-snippet:-1","max-image-preview":"max-image-preview:large","max-video-preview":"max-video-preview:-1"},"canonical":"https:\/\/www.plexus.es\/impulsamos-talento-joven-gallego-xunta-de-galicia\/","og_locale":"pt_PT","og_type":"article","og_title":"Impulsamos el talento joven gallego de la mano de la Xunta","og_description":"Con el Plan Galicia Emplea, apostamos por la inserci\u00f3n laboral de talento joven desempleado, en esta ocasi\u00f3n, en el \u00e1rea de Vigo.","og_url":"https:\/\/www.plexus.es\/impulsamos-talento-joven-gallego-xunta-de-galicia\/","og_site_name":"Plexus Tech","article_publisher":"https:\/\/www.facebook.com\/Plexus.Techno","article_published_time":"2025-11-10T10:00:34+00:00","article_modified_time":"2025-11-10T10:18:50+00:00","og_image":[{"width":948,"height":600,"url":"https:\/\/www.plexus.es\/wp-content\/uploads\/2025\/11\/Noticia-Web-Programa-Empleo-Xunta.png","type":"image\/png"}],"twitter_card":"summary_large_image","twitter_creator":"@plexustech_","twitter_site":"@plexustech_","twitter_misc":{"Escrito por":"admin_plexus","Tempo estimado de leitura":"3 minutos"},"schema":{"@context":"https:\/\/schema.org","@graph":[{"@type":"Organization","@id":"https:\/\/www.plexus.es\/#organization","name":"Plexus Tech","url":"https:\/\/www.plexus.es\/","sameAs":["https:\/\/www.facebook.com\/Plexus.Techno","https:\/\/www.instagram.com\/plexus.tech\/","https:\/\/www.linkedin.com\/company\/plexus-tech\/mycompany\/","https:\/\/www.youtube.com\/user\/tecnologiasplexus","https:\/\/twitter.com\/plexustech_"],"logo":{"@type":"ImageObject","@id":"https:\/\/www.plexus.es\/#logo","inLanguage":"pt-PT","url":"https:\/\/www.plexus.es\/wp-content\/uploads\/2021\/11\/logo-plexus-2021.png","contentUrl":"https:\/\/www.plexus.es\/wp-content\/uploads\/2021\/11\/logo-plexus-2021.png","width":600,"height":600,"caption":"Plexus Tech"},"image":{"@id":"https:\/\/www.plexus.es\/#logo"}},{"@type":"WebSite","@id":"https:\/\/www.plexus.es\/#website","url":"https:\/\/www.plexus.es\/","name":"Plexus Tech","description":"Tecnolog\u00eda con Alma","publisher":{"@id":"https:\/\/www.plexus.es\/#organization"},"potentialAction":[{"@type":"SearchAction","target":{"@type":"EntryPoint","urlTemplate":"https:\/\/www.plexus.es\/?s={search_term_string}"},"query-input":"required name=search_term_string"}],"inLanguage":"pt-PT"},{"@type":"ImageObject","@id":"https:\/\/www.plexus.es\/impulsamos-talento-joven-gallego-xunta-de-galicia\/#primaryimage","inLanguage":"pt-PT","url":"https:\/\/www.plexus.es\/wp-content\/uploads\/2025\/11\/Noticia-Web-Programa-Empleo-Xunta.png","contentUrl":"https:\/\/www.plexus.es\/wp-content\/uploads\/2025\/11\/Noticia-Web-Programa-Empleo-Xunta.png","width":948,"height":600,"caption":"En Plexus Tech impulsamos la contrataci\u00f3n de talento joven gallego con el Programa de incentivos a la contrataci\u00f3n por cuenta ajena [TR342C], de la Xunta de Galicia y cofinanciado por el SEPE.]"},{"@type":"WebPage","@id":"https:\/\/www.plexus.es\/impulsamos-talento-joven-gallego-xunta-de-galicia\/#webpage","url":"https:\/\/www.plexus.es\/impulsamos-talento-joven-gallego-xunta-de-galicia\/","name":"Impulsamos el talento joven gallego de la mano de la Xunta","isPartOf":{"@id":"https:\/\/www.plexus.es\/#website"},"primaryImageOfPage":{"@id":"https:\/\/www.plexus.es\/impulsamos-talento-joven-gallego-xunta-de-galicia\/#primaryimage"},"datePublished":"2025-11-10T10:00:34+00:00","dateModified":"2025-11-10T10:18:50+00:00","description":"Con el Plan Galicia Emplea, apostamos por la inserci\u00f3n laboral de talento joven desempleado, en esta ocasi\u00f3n, en el \u00e1rea de Vigo.","breadcrumb":{"@id":"https:\/\/www.plexus.es\/impulsamos-talento-joven-gallego-xunta-de-galicia\/#breadcrumb"},"inLanguage":"pt-PT","potentialAction":[{"@type":"ReadAction","target":["https:\/\/www.plexus.es\/impulsamos-talento-joven-gallego-xunta-de-galicia\/"]}]},{"@type":"BreadcrumbList","@id":"https:\/\/www.plexus.es\/impulsamos-talento-joven-gallego-xunta-de-galicia\/#breadcrumb","itemListElement":[{"@type":"ListItem","position":1,"name":"Home","item":"https:\/\/www.plexus.es\/"},{"@type":"ListItem","position":2,"name":"Impulsamos el talento joven gallego de la mano de la Xunta de Galicia"}]},{"@type":"Article","@id":"https:\/\/www.plexus.es\/impulsamos-talento-joven-gallego-xunta-de-galicia\/#article","isPartOf":{"@id":"https:\/\/www.plexus.es\/impulsamos-talento-joven-gallego-xunta-de-galicia\/#webpage"},"author":{"@id":"https:\/\/www.plexus.es\/#\/schema\/person\/8f02d5ce6d7b659fa68b0e90317c5171"},"headline":"Impulsamos el talento joven gallego de la mano de la Xunta de Galicia","datePublished":"2025-11-10T10:00:34+00:00","dateModified":"2025-11-10T10:18:50+00:00","mainEntityOfPage":{"@id":"https:\/\/www.plexus.es\/impulsamos-talento-joven-gallego-xunta-de-galicia\/#webpage"},"wordCount":1316,"commentCount":0,"publisher":{"@id":"https:\/\/www.plexus.es\/#organization"},"image":{"@id":"https:\/\/www.plexus.es\/impulsamos-talento-joven-gallego-xunta-de-galicia\/#primaryimage"},"thumbnailUrl":"https:\/\/www.plexus.es\/wp-content\/uploads\/2025\/11\/Noticia-Web-Programa-Empleo-Xunta.png","articleSection":["Talento"],"inLanguage":"pt-PT","potentialAction":[{"@type":"CommentAction","name":"Comment","target":["https:\/\/www.plexus.es\/impulsamos-talento-joven-gallego-xunta-de-galicia\/#respond"]}]},{"@type":"Person","@id":"https:\/\/www.plexus.es\/#\/schema\/person\/8f02d5ce6d7b659fa68b0e90317c5171","name":"admin_plexus","image":{"@type":"ImageObject","@id":"https:\/\/www.plexus.es\/#personlogo","inLanguage":"pt-PT","url":"https:\/\/secure.gravatar.com\/avatar\/c1d7caf9a4063a74393abcf91991e9cd?s=96&d=mm&r=g","contentUrl":"https:\/\/secure.gravatar.com\/avatar\/c1d7caf9a4063a74393abcf91991e9cd?s=96&d=mm&r=g","caption":"admin_plexus"},"sameAs":["https:\/\/www.plexus.es"]}]}},"_links":{"self":[{"href":"https:\/\/www.plexus.es\/pt-pt\/wp-json\/wp\/v2\/posts\/49976"}],"collection":[{"href":"https:\/\/www.plexus.es\/pt-pt\/wp-json\/wp\/v2\/posts"}],"about":[{"href":"https:\/\/www.plexus.es\/pt-pt\/wp-json\/wp\/v2\/types\/post"}],"author":[{"embeddable":true,"href":"https:\/\/www.plexus.es\/pt-pt\/wp-json\/wp\/v2\/users\/1"}],"replies":[{"embeddable":true,"href":"https:\/\/www.plexus.es\/pt-pt\/wp-json\/wp\/v2\/comments?post=49976"}],"version-history":[{"count":2,"href":"https:\/\/www.plexus.es\/pt-pt\/wp-json\/wp\/v2\/posts\/49976\/revisions"}],"predecessor-version":[{"id":49984,"href":"https:\/\/www.plexus.es\/pt-pt\/wp-json\/wp\/v2\/posts\/49976\/revisions\/49984"}],"wp:featuredmedia":[{"embeddable":true,"href":"https:\/\/www.plexus.es\/pt-pt\/wp-json\/wp\/v2\/media\/49977"}],"wp:attachment":[{"href":"https:\/\/www.plexus.es\/pt-pt\/wp-json\/wp\/v2\/media?parent=49976"}],"wp:term":[{"taxonomy":"category","embeddable":true,"href":"https:\/\/www.plexus.es\/pt-pt\/wp-json\/wp\/v2\/categories?post=49976"},{"taxonomy":"post_tag","embeddable":true,"href":"https:\/\/www.plexus.es\/pt-pt\/wp-json\/wp\/v2\/tags?post=49976"}],"curies":[{"name":"wp","href":"https:\/\/api.w.org\/{rel}","templated":true}]}}