{"id":5054,"date":"2021-11-12T13:38:07","date_gmt":"2021-11-12T12:38:07","guid":{"rendered":"https:\/\/www.plexus.es\/?p=5054"},"modified":"2024-05-22T12:40:36","modified_gmt":"2024-05-22T10:40:36","slug":"plexus-tech-impulsor-del-primer-living-lab-de-galicia","status":"publish","type":"post","link":"https:\/\/www.plexus.es\/pt-pt\/plexus-tech-impulsor-del-primer-living-lab-de-galicia\/","title":{"rendered":"El primer Living Lab gallego nace de la mano de Plexus Tech"},"content":{"rendered":"<div class=\"fusion-fullwidth fullwidth-box fusion-builder-row-1 fusion-flex-container nonhundred-percent-fullwidth non-hundred-percent-height-scrolling\" style=\"background-color: rgba(255,255,255,0);background-position: center center;background-repeat: no-repeat;border-width: 0px 0px 0px 0px;border-color:#e8ebef;border-style:solid;\" ><div class=\"fusion-builder-row fusion-row fusion-flex-align-items-flex-start\" style=\"max-width:1310.4px;margin-left: calc(-4% \/ 2 );margin-right: calc(-4% \/ 2 );\"><div class=\"fusion-layout-column fusion_builder_column fusion-builder-column-0 fusion_builder_column_1_1 1_1 fusion-flex-column\"><div class=\"fusion-column-wrapper fusion-flex-justify-content-flex-start fusion-content-layout-column\" style=\"background-position:left top;background-repeat:no-repeat;-webkit-background-size:cover;-moz-background-size:cover;-o-background-size:cover;background-size:cover;padding: 0px 0px 0px 0px;\"><div class=\"fusion-text fusion-text-1\"><p><span style=\"font-family: Montserrat; font-weight: 400;\" data-fusion-font=\"true\" data-fusion-google-font=\"Montserrat\" data-fusion-google-variant=\"400\">Este martes 9 de noviembre se firm\u00f3 el<u> <\/u><\/span><a style=\"font-family: Montserrat; font-weight: 400;\" href=\"https:\/\/www.lavozdegalicia.es\/noticia\/ourense\/2021\/11\/10\/chuo-acoge-primer-living-lab-sanidad-galicia\/0003_202111O10C1992.htm\" data-fusion-font=\"true\" data-fusion-google-font=\"Montserrat\" data-fusion-google-variant=\"400\"><u>convenio de colaboraci\u00f3n de Plexus Tech y otras cinco organizaciones gallegas<\/u><\/a><span style=\"font-family: Montserrat; font-weight: 400;\" data-fusion-font=\"true\" data-fusion-google-font=\"Montserrat\" data-fusion-google-variant=\"400\"> que <span style=\"font-family: Montserrat; font-weight: 600;\" data-fusion-font=\"true\" data-fusion-google-font=\"Montserrat\" data-fusion-google-variant=\"600\">convierte al Complejo Hospitalario Universitario de Ourense en el alojador del primer Living Lab de la comunidad gallega<\/span>, un entorno experimental para avanzar en la innovaci\u00f3n de metodolog\u00edas sanitarias.<\/span><\/p>\n<p style=\"font-family: Montserrat; font-weight: 400;\" data-fusion-font=\"true\" data-fusion-google-font=\"Montserrat\" data-fusion-google-variant=\"400\">El CHUO contar\u00e1 con un banco de pruebas reales y un entorno de experimentaci\u00f3n. En \u00e9l, los equipos profesionales de <span style=\"font-family: Montserrat; font-weight: 600;\" data-fusion-font=\"true\" data-fusion-google-font=\"Montserrat\" data-fusion-google-variant=\"600\">varias organizaciones de \u00e1mbito auton\u00f3mico podr\u00e1n desarrollar sus proyectos vinculados a la innovaci\u00f3n.<\/span> Las instalaciones del hospital orensano alojar\u00e1n el ensayo de soluciones innovadoras, destinadas a la atenci\u00f3n de pacientes mayores, cr\u00f3nicos o pluripatol\u00f3gicos.<\/p>\n<p style=\"font-family: Montserrat; font-weight: 400;\" data-fusion-font=\"true\" data-fusion-google-font=\"Montserrat\" data-fusion-google-variant=\"400\">En el marco de este proyecto, <span style=\"font-family: Montserrat; font-weight: 600;\" data-fusion-font=\"true\" data-fusion-google-font=\"Montserrat\" data-fusion-google-variant=\"600\">Plexus Tech<\/span> desarrollar\u00e1, con pacientes y profesionales, <a href=\"https:\/\/www.plexus.es\/hacemos\/\">el proyecto <span style=\"font-family: Montserrat; font-weight: 600;\" data-fusion-font=\"true\" data-fusion-google-font=\"Montserrat\" data-fusion-google-variant=\"600\">AVECEN<\/span><\/a>. Se trata de un <span style=\"font-family: Montserrat; font-weight: 600;\" data-fusion-font=\"true\" data-fusion-google-font=\"Montserrat\" data-fusion-google-variant=\"600\">asistente virtual din\u00e1mico<\/span> para facilitar una <span style=\"font-family: Montserrat; font-weight: 600;\" data-fusion-font=\"true\" data-fusion-google-font=\"Montserrat\" data-fusion-google-variant=\"600\">mayor independencia<\/span> <span style=\"font-family: Montserrat; font-weight: 600;\" data-fusion-font=\"true\" data-fusion-google-font=\"Montserrat\" data-fusion-google-variant=\"600\">de las personas con enfermedades<\/span> <span style=\"font-family: Montserrat; font-weight: 600;\" data-fusion-font=\"true\" data-fusion-google-font=\"Montserrat\" data-fusion-google-variant=\"600\">neurodegenerativas<\/span>. Las \u00faltimas tecnolog\u00edas de inteligencia artificial y redes neuronales ser\u00e1n puestas en valor para garantizar un envejecimiento m\u00e1s activo de estos pacientes y, por ende, una mejora de su calidad de vida.<\/p>\n<p style=\"font-family: Montserrat; font-weight: 400;\" data-fusion-font=\"true\" data-fusion-google-font=\"Montserrat\" data-fusion-google-variant=\"400\">De este modo, este paso consolida a\u00fan m\u00e1s a<span style=\"font-family: Montserrat; font-weight: 600;\" data-fusion-font=\"true\" data-fusion-google-font=\"Montserrat\" data-fusion-google-variant=\"600\"> Plexus Tech <\/span>como una <span style=\"font-family: Montserrat; font-weight: 600;\" data-fusion-font=\"true\" data-fusion-google-font=\"Montserrat\" data-fusion-google-variant=\"600\">organizaci\u00f3n motor en el ecosistema de salud de Galicia. <\/span>Sigue poniendo as\u00ed la tecnolog\u00eda al servicio del usuario en este entorno para la creaci\u00f3n de soluciones innovadoras dentro del propio sistema sanitario.<\/p>\n<\/div><style type=\"text\/css\">@media only screen and (max-width:1200px) {.fusion-title.fusion-title-1{margin-top:2rem!important; margin-right:1rem!important;margin-bottom:2rem!important;margin-left:1rem!important;}}@media only screen and (max-width:640px) {.fusion-title.fusion-title-1{margin-top:0px!important; margin-right:0px!important;margin-bottom:0px!important; margin-left:0px!important;}}<\/style><div class=\"fusion-title title fusion-title-1 fusion-sep-none fusion-title-text fusion-title-size-four\" style=\"margin-top:2rem;margin-right:1rem;margin-bottom:2rem;margin-left:1rem;\"><h4 class=\"title-heading-left fusion-responsive-typography-calculated\" style=\"margin:0;--fontSize:30;line-height:1;\">La noticia y su repercusi\u00f3n en los medios<\/h4><\/div><\/div><style type=\"text\/css\">.fusion-body .fusion-builder-column-0{width:100% !important;margin-top : 20px;margin-bottom : 20px;}.fusion-builder-column-0 > .fusion-column-wrapper {padding-top : 0px !important;padding-right : 0px !important;margin-right : 1.92%;padding-bottom : 0px !important;padding-left : 0px !important;margin-left : 1.92%;}@media only screen and (max-width:1200px) {.fusion-body .fusion-builder-column-0{width:100% !important;order : 0;}.fusion-builder-column-0 > .fusion-column-wrapper {margin-right : 1.92%;margin-left : 1.92%;}}@media only screen and (max-width:640px) {.fusion-body .fusion-builder-column-0{width:100% !important;order : 0;}.fusion-builder-column-0 > .fusion-column-wrapper {margin-right : 1.92%;margin-left : 1.92%;}}<\/style><\/div><div class=\"fusion-layout-column fusion_builder_column fusion-builder-column-1 fusion_builder_column_1_2 1_2 fusion-flex-column\"><div class=\"fusion-column-wrapper fusion-flex-justify-content-flex-start fusion-content-layout-column\" style=\"background-position:left top;background-repeat:no-repeat;-webkit-background-size:cover;-moz-background-size:cover;-o-background-size:cover;background-size:cover;padding: 0px 0px 0px 0px;\"><div style=\"text-align:center;\"><span class=\" fusion-imageframe imageframe-none imageframe-1 hover-type-none\" style=\"border-radius:12px;\"><a class=\"fusion-no-lightbox\" href=\"https:\/\/www.lavozdegalicia.es\/noticia\/ourense\/2021\/11\/10\/chuo-acoge-primer-living-lab-sanidad-galicia\/0003_202111O10C1992.htm\" target=\"_blank\" rel=\"noopener noreferrer\"><img width=\"300\" height=\"236\" alt=\"Noticia en el portal digital La Voz de Galicia. Seis Noticias Accede al sitio web de La Voz de Galicia. Abre en ventana nueva.\" src=\"https:\/\/www.plexus.es\/wp-content\/uploads\/2021\/11\/Captura-LaVozDeGalicia.png\" data-orig-src=\"https:\/\/www.plexus.es\/wp-content\/uploads\/2021\/11\/Captura-LaVozDeGalicia-300x236.png\" class=\"lazyload img-responsive wp-image-24057\" srcset=\"data:image\/svg+xml,%3Csvg%20xmlns%3D%27http%3A%2F%2Fwww.w3.org%2F2000%2Fsvg%27%20width%3D%271061%27%20height%3D%27833%27%20viewBox%3D%270%200%201061%20833%27%3E%3Crect%20width%3D%271061%27%20height%3D%27833%27%20fill-opacity%3D%220%22%2F%3E%3C%2Fsvg%3E\" data-srcset=\"https:\/\/www.plexus.es\/wp-content\/uploads\/2021\/11\/Captura-LaVozDeGalicia-200x157.png 200w, https:\/\/www.plexus.es\/wp-content\/uploads\/2021\/11\/Captura-LaVozDeGalicia-400x314.png 400w, https:\/\/www.plexus.es\/wp-content\/uploads\/2021\/11\/Captura-LaVozDeGalicia-600x471.png 600w, https:\/\/www.plexus.es\/wp-content\/uploads\/2021\/11\/Captura-LaVozDeGalicia-800x628.png 800w, https:\/\/www.plexus.es\/wp-content\/uploads\/2021\/11\/Captura-LaVozDeGalicia.png 1061w\" data-sizes=\"auto\" data-orig-sizes=\"(max-width: 640px) 100vw, 600px\" \/><\/a><\/span><\/div><\/div><style type=\"text\/css\">.fusion-body .fusion-builder-column-1{width:50% !important;margin-top : 20px;margin-bottom : 20px;}.fusion-builder-column-1 > .fusion-column-wrapper {padding-top : 0px !important;padding-right : 0px !important;margin-right : 3.84%;padding-bottom : 0px !important;padding-left : 0px !important;margin-left : 3.84%;}@media only screen and (max-width:1200px) {.fusion-body .fusion-builder-column-1{width:50% !important;order : 0;}.fusion-builder-column-1 > .fusion-column-wrapper {margin-right : 3.84%;margin-left : 3.84%;}}@media only screen and (max-width:640px) {.fusion-body .fusion-builder-column-1{width:100% !important;order : 0;}.fusion-builder-column-1 > .fusion-column-wrapper {margin-right : 1.92%;margin-left : 1.92%;}}<\/style><\/div><div class=\"fusion-layout-column fusion_builder_column fusion-builder-column-2 fusion_builder_column_1_2 1_2 fusion-flex-column\"><div class=\"fusion-column-wrapper fusion-flex-justify-content-flex-start fusion-content-layout-column\" style=\"background-position:left top;background-repeat:no-repeat;-webkit-background-size:cover;-moz-background-size:cover;-o-background-size:cover;background-size:cover;padding: 0px 0px 0px 0px;\"><div style=\"text-align:center;\"><span class=\" fusion-imageframe imageframe-none imageframe-2 hover-type-none\" style=\"border-radius:12px;\"><a class=\"fusion-no-lightbox\" href=\"https:\/\/www.laregion.es\/articulo\/ourense\/proyectos-living-lab-ourense-primero-galicia\/202111091512241079999.html\" target=\"_blank\" rel=\"noopener noreferrer\"><img width=\"300\" height=\"262\" alt=\"Noticia en el portal digital La Regi\u00f3n. El CHUO albergar\u00e1 el primer Living Lab de Galicia: de implantes 3D a asistentes virtuales. Accede al sitio web de La Regi\u00f3n. Abre en ventana nueva.\" src=\"https:\/\/www.plexus.es\/wp-content\/uploads\/2021\/11\/captura-laregion-1.png\" data-orig-src=\"https:\/\/www.plexus.es\/wp-content\/uploads\/2021\/11\/captura-laregion-1-300x262.png\" class=\"lazyload img-responsive wp-image-24065\" srcset=\"data:image\/svg+xml,%3Csvg%20xmlns%3D%27http%3A%2F%2Fwww.w3.org%2F2000%2Fsvg%27%20width%3D%27991%27%20height%3D%27867%27%20viewBox%3D%270%200%20991%20867%27%3E%3Crect%20width%3D%27991%27%20height%3D%27867%27%20fill-opacity%3D%220%22%2F%3E%3C%2Fsvg%3E\" data-srcset=\"https:\/\/www.plexus.es\/wp-content\/uploads\/2021\/11\/captura-laregion-1-200x175.png 200w, https:\/\/www.plexus.es\/wp-content\/uploads\/2021\/11\/captura-laregion-1-400x350.png 400w, https:\/\/www.plexus.es\/wp-content\/uploads\/2021\/11\/captura-laregion-1-600x525.png 600w, https:\/\/www.plexus.es\/wp-content\/uploads\/2021\/11\/captura-laregion-1-800x700.png 800w, https:\/\/www.plexus.es\/wp-content\/uploads\/2021\/11\/captura-laregion-1.png 991w\" data-sizes=\"auto\" data-orig-sizes=\"(max-width: 640px) 100vw, 600px\" \/><\/a><\/span><\/div><\/div><style type=\"text\/css\">.fusion-body .fusion-builder-column-2{width:50% !important;margin-top : 20px;margin-bottom : 20px;}.fusion-builder-column-2 > .fusion-column-wrapper {padding-top : 0px !important;padding-right : 0px !important;margin-right : 3.84%;padding-bottom : 0px !important;padding-left : 0px !important;margin-left : 3.84%;}@media only screen and (max-width:1200px) {.fusion-body .fusion-builder-column-2{width:50% !important;order : 0;}.fusion-builder-column-2 > .fusion-column-wrapper {margin-right : 3.84%;margin-left : 3.84%;}}@media only screen and (max-width:640px) {.fusion-body .fusion-builder-column-2{width:100% !important;order : 0;}.fusion-builder-column-2 > .fusion-column-wrapper {margin-right : 1.92%;margin-left : 1.92%;}}<\/style><\/div><div class=\"fusion-layout-column fusion_builder_column fusion-builder-column-3 fusion_builder_column_1_2 1_2 fusion-flex-column\"><div class=\"fusion-column-wrapper fusion-flex-justify-content-flex-start fusion-content-layout-column\" style=\"background-position:left top;background-repeat:no-repeat;-webkit-background-size:cover;-moz-background-size:cover;-o-background-size:cover;background-size:cover;padding: 0px 0px 0px 0px;\"><\/div><style type=\"text\/css\">.fusion-body .fusion-builder-column-3{width:50% !important;margin-top : 20px;margin-bottom : 20px;}.fusion-builder-column-3 > .fusion-column-wrapper {padding-top : 0px !important;padding-right : 0px !important;margin-right : 3.84%;padding-bottom : 0px !important;padding-left : 0px !important;margin-left : 3.84%;}@media only screen and (max-width:1200px) {.fusion-body .fusion-builder-column-3{width:50% !important;order : 0;}.fusion-builder-column-3 > .fusion-column-wrapper {margin-right : 3.84%;margin-left : 3.84%;}}@media only screen and (max-width:640px) {.fusion-body .fusion-builder-column-3{width:100% !important;order : 0;}.fusion-builder-column-3 > .fusion-column-wrapper {margin-right : 1.92%;margin-left : 1.92%;}}<\/style><\/div><\/div><style type=\"text\/css\">.fusion-body .fusion-flex-container.fusion-builder-row-1{ padding-top : 0px;margin-top : 0px;padding-right : 0px;padding-bottom : 0px;margin-bottom : 0px;padding-left : 0px;}<\/style><\/div>\n","protected":false},"excerpt":{"rendered":"<p>El CHUO ser\u00e1 el recinto escogido para alojar el primer Living Lab de salud gallego.<\/p>\n","protected":false},"author":1,"featured_media":5085,"comment_status":"open","ping_status":"open","sticky":false,"template":"","format":"standard","meta":[],"categories":[42],"tags":[],"yoast_head":"<!-- This site is optimized with the Yoast SEO plugin v17.4 - https:\/\/yoast.com\/wordpress\/plugins\/seo\/ -->\n<title>El primer Living Lab gallego nace de la mano de Plexus<\/title>\n<meta name=\"description\" content=\"El convenio de Plexus Tech y 5 organizaciones gallegas convierte al CHUO en el alojador del primer Living Lab de la comunidad gallega\" \/>\n<meta name=\"robots\" content=\"index, follow, max-snippet:-1, max-image-preview:large, max-video-preview:-1\" \/>\n<link rel=\"canonical\" href=\"https:\/\/www.plexus.es\/plexus-tech-impulsor-del-primer-living-lab-de-galicia\/\" \/>\n<meta property=\"og:locale\" content=\"pt_PT\" \/>\n<meta property=\"og:type\" content=\"article\" \/>\n<meta property=\"og:title\" content=\"El primer Living Lab gallego nace de la mano de Plexus\" \/>\n<meta property=\"og:description\" content=\"El convenio de Plexus Tech y 5 organizaciones gallegas convierte al CHUO en el alojador del primer Living Lab de la comunidad gallega\" \/>\n<meta property=\"og:url\" content=\"https:\/\/www.plexus.es\/plexus-tech-impulsor-del-primer-living-lab-de-galicia\/\" \/>\n<meta property=\"og:site_name\" content=\"Plexus Tech\" \/>\n<meta property=\"article:publisher\" content=\"https:\/\/www.facebook.com\/Plexus.Techno\" \/>\n<meta property=\"article:published_time\" content=\"2021-11-12T12:38:07+00:00\" \/>\n<meta property=\"article:modified_time\" content=\"2024-05-22T10:40:36+00:00\" \/>\n<meta property=\"og:image\" content=\"https:\/\/www.plexus.es\/wp-content\/uploads\/2021\/11\/WhatsApp-Image-2021-11-09-at-18.10.09-e1636970301791.jpeg\" \/>\n\t<meta property=\"og:image:width\" content=\"518\" \/>\n\t<meta property=\"og:image:height\" content=\"365\" \/>\n<meta name=\"twitter:card\" content=\"summary_large_image\" \/>\n<meta name=\"twitter:creator\" content=\"@plexustech_\" \/>\n<meta name=\"twitter:site\" content=\"@plexustech_\" \/>\n<meta name=\"twitter:label1\" content=\"Escrito por\" \/>\n\t<meta name=\"twitter:data1\" content=\"admin_plexus\" \/>\n\t<meta name=\"twitter:label2\" content=\"Tempo estimado de leitura\" \/>\n\t<meta name=\"twitter:data2\" content=\"4 minutos\" \/>\n<script type=\"application\/ld+json\" class=\"yoast-schema-graph\">{\"@context\":\"https:\/\/schema.org\",\"@graph\":[{\"@type\":\"Organization\",\"@id\":\"https:\/\/www.plexus.es\/#organization\",\"name\":\"Plexus Tech\",\"url\":\"https:\/\/www.plexus.es\/\",\"sameAs\":[\"https:\/\/www.facebook.com\/Plexus.Techno\",\"https:\/\/www.instagram.com\/plexus.tech\/\",\"https:\/\/www.linkedin.com\/company\/plexus-tech\/mycompany\/\",\"https:\/\/www.youtube.com\/user\/tecnologiasplexus\",\"https:\/\/twitter.com\/plexustech_\"],\"logo\":{\"@type\":\"ImageObject\",\"@id\":\"https:\/\/www.plexus.es\/#logo\",\"inLanguage\":\"pt-PT\",\"url\":\"https:\/\/www.plexus.es\/wp-content\/uploads\/2021\/11\/logo-plexus-2021.png\",\"contentUrl\":\"https:\/\/www.plexus.es\/wp-content\/uploads\/2021\/11\/logo-plexus-2021.png\",\"width\":600,\"height\":600,\"caption\":\"Plexus Tech\"},\"image\":{\"@id\":\"https:\/\/www.plexus.es\/#logo\"}},{\"@type\":\"WebSite\",\"@id\":\"https:\/\/www.plexus.es\/#website\",\"url\":\"https:\/\/www.plexus.es\/\",\"name\":\"Plexus Tech\",\"description\":\"Tecnolog\\u00eda con Alma\",\"publisher\":{\"@id\":\"https:\/\/www.plexus.es\/#organization\"},\"potentialAction\":[{\"@type\":\"SearchAction\",\"target\":{\"@type\":\"EntryPoint\",\"urlTemplate\":\"https:\/\/www.plexus.es\/?s={search_term_string}\"},\"query-input\":\"required name=search_term_string\"}],\"inLanguage\":\"pt-PT\"},{\"@type\":\"ImageObject\",\"@id\":\"https:\/\/www.plexus.es\/plexus-tech-impulsor-del-primer-living-lab-de-galicia\/#primaryimage\",\"inLanguage\":\"pt-PT\",\"url\":\"https:\/\/www.plexus.es\/wp-content\/uploads\/2021\/11\/WhatsApp-Image-2021-11-09-at-18.10.09-e1636970301791.jpeg\",\"contentUrl\":\"https:\/\/www.plexus.es\/wp-content\/uploads\/2021\/11\/WhatsApp-Image-2021-11-09-at-18.10.09-e1636970301791.jpeg\",\"width\":518,\"height\":365,\"caption\":\"Asistentes a la inauguraci\\u00f3n del primer Living Lab gallego\"},{\"@type\":\"WebPage\",\"@id\":\"https:\/\/www.plexus.es\/plexus-tech-impulsor-del-primer-living-lab-de-galicia\/#webpage\",\"url\":\"https:\/\/www.plexus.es\/plexus-tech-impulsor-del-primer-living-lab-de-galicia\/\",\"name\":\"El primer Living Lab gallego nace de la mano de Plexus\",\"isPartOf\":{\"@id\":\"https:\/\/www.plexus.es\/#website\"},\"primaryImageOfPage\":{\"@id\":\"https:\/\/www.plexus.es\/plexus-tech-impulsor-del-primer-living-lab-de-galicia\/#primaryimage\"},\"datePublished\":\"2021-11-12T12:38:07+00:00\",\"dateModified\":\"2024-05-22T10:40:36+00:00\",\"description\":\"El convenio de Plexus Tech y 5 organizaciones gallegas convierte al CHUO en el alojador del primer Living Lab de la comunidad gallega\",\"breadcrumb\":{\"@id\":\"https:\/\/www.plexus.es\/plexus-tech-impulsor-del-primer-living-lab-de-galicia\/#breadcrumb\"},\"inLanguage\":\"pt-PT\",\"potentialAction\":[{\"@type\":\"ReadAction\",\"target\":[\"https:\/\/www.plexus.es\/plexus-tech-impulsor-del-primer-living-lab-de-galicia\/\"]}]},{\"@type\":\"BreadcrumbList\",\"@id\":\"https:\/\/www.plexus.es\/plexus-tech-impulsor-del-primer-living-lab-de-galicia\/#breadcrumb\",\"itemListElement\":[{\"@type\":\"ListItem\",\"position\":1,\"name\":\"Home\",\"item\":\"https:\/\/www.plexus.es\/\"},{\"@type\":\"ListItem\",\"position\":2,\"name\":\"El primer Living Lab gallego nace de la mano de Plexus Tech\"}]},{\"@type\":\"Article\",\"@id\":\"https:\/\/www.plexus.es\/plexus-tech-impulsor-del-primer-living-lab-de-galicia\/#article\",\"isPartOf\":{\"@id\":\"https:\/\/www.plexus.es\/plexus-tech-impulsor-del-primer-living-lab-de-galicia\/#webpage\"},\"author\":{\"@id\":\"https:\/\/www.plexus.es\/#\/schema\/person\/8f02d5ce6d7b659fa68b0e90317c5171\"},\"headline\":\"El primer Living Lab gallego nace de la mano de Plexus Tech\",\"datePublished\":\"2021-11-12T12:38:07+00:00\",\"dateModified\":\"2024-05-22T10:40:36+00:00\",\"mainEntityOfPage\":{\"@id\":\"https:\/\/www.plexus.es\/plexus-tech-impulsor-del-primer-living-lab-de-galicia\/#webpage\"},\"wordCount\":1819,\"commentCount\":0,\"publisher\":{\"@id\":\"https:\/\/www.plexus.es\/#organization\"},\"image\":{\"@id\":\"https:\/\/www.plexus.es\/plexus-tech-impulsor-del-primer-living-lab-de-galicia\/#primaryimage\"},\"thumbnailUrl\":\"https:\/\/www.plexus.es\/wp-content\/uploads\/2021\/11\/WhatsApp-Image-2021-11-09-at-18.10.09-e1636970301791.jpeg\",\"articleSection\":[\"Sanidad\"],\"inLanguage\":\"pt-PT\",\"potentialAction\":[{\"@type\":\"CommentAction\",\"name\":\"Comment\",\"target\":[\"https:\/\/www.plexus.es\/plexus-tech-impulsor-del-primer-living-lab-de-galicia\/#respond\"]}]},{\"@type\":\"Person\",\"@id\":\"https:\/\/www.plexus.es\/#\/schema\/person\/8f02d5ce6d7b659fa68b0e90317c5171\",\"name\":\"admin_plexus\",\"image\":{\"@type\":\"ImageObject\",\"@id\":\"https:\/\/www.plexus.es\/#personlogo\",\"inLanguage\":\"pt-PT\",\"url\":\"https:\/\/secure.gravatar.com\/avatar\/c1d7caf9a4063a74393abcf91991e9cd?s=96&d=mm&r=g\",\"contentUrl\":\"https:\/\/secure.gravatar.com\/avatar\/c1d7caf9a4063a74393abcf91991e9cd?s=96&d=mm&r=g\",\"caption\":\"admin_plexus\"},\"sameAs\":[\"https:\/\/www.plexus.es\"]}]}<\/script>\n<!-- \/ Yoast SEO plugin. -->","yoast_head_json":{"title":"El primer Living Lab gallego nace de la mano de Plexus","description":"El convenio de Plexus Tech y 5 organizaciones gallegas convierte al CHUO en el alojador del primer Living Lab de la comunidad gallega","robots":{"index":"index","follow":"follow","max-snippet":"max-snippet:-1","max-image-preview":"max-image-preview:large","max-video-preview":"max-video-preview:-1"},"canonical":"https:\/\/www.plexus.es\/plexus-tech-impulsor-del-primer-living-lab-de-galicia\/","og_locale":"pt_PT","og_type":"article","og_title":"El primer Living Lab gallego nace de la mano de Plexus","og_description":"El convenio de Plexus Tech y 5 organizaciones gallegas convierte al CHUO en el alojador del primer Living Lab de la comunidad gallega","og_url":"https:\/\/www.plexus.es\/plexus-tech-impulsor-del-primer-living-lab-de-galicia\/","og_site_name":"Plexus Tech","article_publisher":"https:\/\/www.facebook.com\/Plexus.Techno","article_published_time":"2021-11-12T12:38:07+00:00","article_modified_time":"2024-05-22T10:40:36+00:00","og_image":[{"width":518,"height":365,"url":"https:\/\/www.plexus.es\/wp-content\/uploads\/2021\/11\/WhatsApp-Image-2021-11-09-at-18.10.09-e1636970301791.jpeg","type":"image\/jpeg"}],"twitter_card":"summary_large_image","twitter_creator":"@plexustech_","twitter_site":"@plexustech_","twitter_misc":{"Escrito por":"admin_plexus","Tempo estimado de leitura":"4 minutos"},"schema":{"@context":"https:\/\/schema.org","@graph":[{"@type":"Organization","@id":"https:\/\/www.plexus.es\/#organization","name":"Plexus Tech","url":"https:\/\/www.plexus.es\/","sameAs":["https:\/\/www.facebook.com\/Plexus.Techno","https:\/\/www.instagram.com\/plexus.tech\/","https:\/\/www.linkedin.com\/company\/plexus-tech\/mycompany\/","https:\/\/www.youtube.com\/user\/tecnologiasplexus","https:\/\/twitter.com\/plexustech_"],"logo":{"@type":"ImageObject","@id":"https:\/\/www.plexus.es\/#logo","inLanguage":"pt-PT","url":"https:\/\/www.plexus.es\/wp-content\/uploads\/2021\/11\/logo-plexus-2021.png","contentUrl":"https:\/\/www.plexus.es\/wp-content\/uploads\/2021\/11\/logo-plexus-2021.png","width":600,"height":600,"caption":"Plexus Tech"},"image":{"@id":"https:\/\/www.plexus.es\/#logo"}},{"@type":"WebSite","@id":"https:\/\/www.plexus.es\/#website","url":"https:\/\/www.plexus.es\/","name":"Plexus Tech","description":"Tecnolog\u00eda con Alma","publisher":{"@id":"https:\/\/www.plexus.es\/#organization"},"potentialAction":[{"@type":"SearchAction","target":{"@type":"EntryPoint","urlTemplate":"https:\/\/www.plexus.es\/?s={search_term_string}"},"query-input":"required name=search_term_string"}],"inLanguage":"pt-PT"},{"@type":"ImageObject","@id":"https:\/\/www.plexus.es\/plexus-tech-impulsor-del-primer-living-lab-de-galicia\/#primaryimage","inLanguage":"pt-PT","url":"https:\/\/www.plexus.es\/wp-content\/uploads\/2021\/11\/WhatsApp-Image-2021-11-09-at-18.10.09-e1636970301791.jpeg","contentUrl":"https:\/\/www.plexus.es\/wp-content\/uploads\/2021\/11\/WhatsApp-Image-2021-11-09-at-18.10.09-e1636970301791.jpeg","width":518,"height":365,"caption":"Asistentes a la inauguraci\u00f3n del primer Living Lab gallego"},{"@type":"WebPage","@id":"https:\/\/www.plexus.es\/plexus-tech-impulsor-del-primer-living-lab-de-galicia\/#webpage","url":"https:\/\/www.plexus.es\/plexus-tech-impulsor-del-primer-living-lab-de-galicia\/","name":"El primer Living Lab gallego nace de la mano de Plexus","isPartOf":{"@id":"https:\/\/www.plexus.es\/#website"},"primaryImageOfPage":{"@id":"https:\/\/www.plexus.es\/plexus-tech-impulsor-del-primer-living-lab-de-galicia\/#primaryimage"},"datePublished":"2021-11-12T12:38:07+00:00","dateModified":"2024-05-22T10:40:36+00:00","description":"El convenio de Plexus Tech y 5 organizaciones gallegas convierte al CHUO en el alojador del primer Living Lab de la comunidad gallega","breadcrumb":{"@id":"https:\/\/www.plexus.es\/plexus-tech-impulsor-del-primer-living-lab-de-galicia\/#breadcrumb"},"inLanguage":"pt-PT","potentialAction":[{"@type":"ReadAction","target":["https:\/\/www.plexus.es\/plexus-tech-impulsor-del-primer-living-lab-de-galicia\/"]}]},{"@type":"BreadcrumbList","@id":"https:\/\/www.plexus.es\/plexus-tech-impulsor-del-primer-living-lab-de-galicia\/#breadcrumb","itemListElement":[{"@type":"ListItem","position":1,"name":"Home","item":"https:\/\/www.plexus.es\/"},{"@type":"ListItem","position":2,"name":"El primer Living Lab gallego nace de la mano de Plexus Tech"}]},{"@type":"Article","@id":"https:\/\/www.plexus.es\/plexus-tech-impulsor-del-primer-living-lab-de-galicia\/#article","isPartOf":{"@id":"https:\/\/www.plexus.es\/plexus-tech-impulsor-del-primer-living-lab-de-galicia\/#webpage"},"author":{"@id":"https:\/\/www.plexus.es\/#\/schema\/person\/8f02d5ce6d7b659fa68b0e90317c5171"},"headline":"El primer Living Lab gallego nace de la mano de Plexus Tech","datePublished":"2021-11-12T12:38:07+00:00","dateModified":"2024-05-22T10:40:36+00:00","mainEntityOfPage":{"@id":"https:\/\/www.plexus.es\/plexus-tech-impulsor-del-primer-living-lab-de-galicia\/#webpage"},"wordCount":1819,"commentCount":0,"publisher":{"@id":"https:\/\/www.plexus.es\/#organization"},"image":{"@id":"https:\/\/www.plexus.es\/plexus-tech-impulsor-del-primer-living-lab-de-galicia\/#primaryimage"},"thumbnailUrl":"https:\/\/www.plexus.es\/wp-content\/uploads\/2021\/11\/WhatsApp-Image-2021-11-09-at-18.10.09-e1636970301791.jpeg","articleSection":["Sanidad"],"inLanguage":"pt-PT","potentialAction":[{"@type":"CommentAction","name":"Comment","target":["https:\/\/www.plexus.es\/plexus-tech-impulsor-del-primer-living-lab-de-galicia\/#respond"]}]},{"@type":"Person","@id":"https:\/\/www.plexus.es\/#\/schema\/person\/8f02d5ce6d7b659fa68b0e90317c5171","name":"admin_plexus","image":{"@type":"ImageObject","@id":"https:\/\/www.plexus.es\/#personlogo","inLanguage":"pt-PT","url":"https:\/\/secure.gravatar.com\/avatar\/c1d7caf9a4063a74393abcf91991e9cd?s=96&d=mm&r=g","contentUrl":"https:\/\/secure.gravatar.com\/avatar\/c1d7caf9a4063a74393abcf91991e9cd?s=96&d=mm&r=g","caption":"admin_plexus"},"sameAs":["https:\/\/www.plexus.es"]}]}},"_links":{"self":[{"href":"https:\/\/www.plexus.es\/pt-pt\/wp-json\/wp\/v2\/posts\/5054"}],"collection":[{"href":"https:\/\/www.plexus.es\/pt-pt\/wp-json\/wp\/v2\/posts"}],"about":[{"href":"https:\/\/www.plexus.es\/pt-pt\/wp-json\/wp\/v2\/types\/post"}],"author":[{"embeddable":true,"href":"https:\/\/www.plexus.es\/pt-pt\/wp-json\/wp\/v2\/users\/1"}],"replies":[{"embeddable":true,"href":"https:\/\/www.plexus.es\/pt-pt\/wp-json\/wp\/v2\/comments?post=5054"}],"version-history":[{"count":20,"href":"https:\/\/www.plexus.es\/pt-pt\/wp-json\/wp\/v2\/posts\/5054\/revisions"}],"predecessor-version":[{"id":42349,"href":"https:\/\/www.plexus.es\/pt-pt\/wp-json\/wp\/v2\/posts\/5054\/revisions\/42349"}],"wp:featuredmedia":[{"embeddable":true,"href":"https:\/\/www.plexus.es\/pt-pt\/wp-json\/wp\/v2\/media\/5085"}],"wp:attachment":[{"href":"https:\/\/www.plexus.es\/pt-pt\/wp-json\/wp\/v2\/media?parent=5054"}],"wp:term":[{"taxonomy":"category","embeddable":true,"href":"https:\/\/www.plexus.es\/pt-pt\/wp-json\/wp\/v2\/categories?post=5054"},{"taxonomy":"post_tag","embeddable":true,"href":"https:\/\/www.plexus.es\/pt-pt\/wp-json\/wp\/v2\/tags?post=5054"}],"curies":[{"name":"wp","href":"https:\/\/api.w.org\/{rel}","templated":true}]}}