{"id":52268,"date":"2026-04-10T12:00:35","date_gmt":"2026-04-10T10:00:35","guid":{"rendered":"https:\/\/www.plexus.es\/?p=52268"},"modified":"2026-04-22T13:54:29","modified_gmt":"2026-04-22T11:54:29","slug":"avanzamos-ia-en-salud-cluster-catedra-camelia","status":"publish","type":"post","link":"https:\/\/www.plexus.es\/pt-pt\/avanzamos-ia-en-salud-cluster-catedra-camelia\/","title":{"rendered":"Avanzamos hacia la adopci\u00f3n de la inteligencia artificial en el sector sanitario"},"content":{"rendered":"<div class=\"fusion-fullwidth fullwidth-box fusion-builder-row-1 fusion-flex-container container-detail-news plexus_css nonhundred-percent-fullwidth non-hundred-percent-height-scrolling\" style=\"background-color: rgba(255,255,255,0);background-position: center center;background-repeat: no-repeat;border-width: 0px 0px 0px 0px;border-color:#e8ebef;border-style:solid;\" ><div class=\"fusion-builder-row fusion-row fusion-flex-align-items-flex-start\" style=\"max-width:1310.4px;margin-left: calc(-4% \/ 2 );margin-right: calc(-4% \/ 2 );\"><div class=\"fusion-layout-column fusion_builder_column fusion-builder-column-0 fusion_builder_column_1_1 1_1 fusion-flex-column fusion-flex-align-self-stretch\"><div class=\"fusion-column-wrapper fusion-flex-justify-content-center fusion-content-layout-column\" style=\"background-position:left top;background-repeat:no-repeat;-webkit-background-size:cover;-moz-background-size:cover;-o-background-size:cover;background-size:cover;padding: 0px 0px 0px 0px;\"><div style=\"text-align:center;\"><span class=\" fusion-imageframe imageframe-none imageframe-1 hover-type-none\" style=\"border-radius:12px;margin-top:0px;margin-right:0px;margin-bottom:0px;margin-left:0px;\"><a class=\"fusion-no-lightbox\" href=\"https:\/\/www.linkedin.com\/posts\/plexus-tech_goodnews-gemelosdigitales-platgdia-activity-7146514515004735488-uBrB?utm_source=share&amp;utm_medium=member_desktop\" target=\"_self\" aria-label=\"Citius Camelia\"><img width=\"2048\" height=\"1365\" alt=\"El ciclo formativo \u201cIA en Salud: fundamentos, regulaci\u00f3n y aplicaciones reales para la toma de decisiones\u201d, impulsada por el Cl\u00faster Sa\u00fade de Galicia y la C\u00e1tedra Camelia USC-Plexus, se cerr\u00f3 con una \u00faltima sesi\u00f3n en el CiTIUS.\" src=\"https:\/\/www.plexus.es\/wp-content\/uploads\/2026\/04\/Citius-Camelia.jpg\" data-orig-src=\"https:\/\/www.plexus.es\/wp-content\/uploads\/2026\/04\/Citius-Camelia.jpg\" class=\"lazyload img-responsive wp-image-52274\" srcset=\"data:image\/svg+xml,%3Csvg%20xmlns%3D%27http%3A%2F%2Fwww.w3.org%2F2000%2Fsvg%27%20width%3D%272048%27%20height%3D%271365%27%20viewBox%3D%270%200%202048%201365%27%3E%3Crect%20width%3D%272048%27%20height%3D%271365%27%20fill-opacity%3D%220%22%2F%3E%3C%2Fsvg%3E\" data-srcset=\"https:\/\/www.plexus.es\/wp-content\/uploads\/2026\/04\/Citius-Camelia-200x133.jpg 200w, https:\/\/www.plexus.es\/wp-content\/uploads\/2026\/04\/Citius-Camelia-400x267.jpg 400w, https:\/\/www.plexus.es\/wp-content\/uploads\/2026\/04\/Citius-Camelia-600x400.jpg 600w, https:\/\/www.plexus.es\/wp-content\/uploads\/2026\/04\/Citius-Camelia-800x533.jpg 800w, https:\/\/www.plexus.es\/wp-content\/uploads\/2026\/04\/Citius-Camelia-1200x800.jpg 1200w, https:\/\/www.plexus.es\/wp-content\/uploads\/2026\/04\/Citius-Camelia.jpg 2048w\" data-sizes=\"auto\" data-orig-sizes=\"(max-width: 640px) 100vw, 2048px\" \/><\/a><\/span><\/div><\/div><style type=\"text\/css\">.fusion-body .fusion-builder-column-0{width:100% !important;margin-top : 0px;margin-bottom : 0px;}.fusion-builder-column-0 > .fusion-column-wrapper {padding-top : 0 !important;padding-right : 0px !important;margin-right : 1.92%;padding-bottom : 0 !important;padding-left : 0px !important;margin-left : 1.92%;}@media only screen and (max-width:1200px) {.fusion-body .fusion-builder-column-0{width:100% !important;order : 0;}.fusion-builder-column-0 > .fusion-column-wrapper {margin-right : 1.92%;margin-left : 1.92%;}}@media only screen and (max-width:640px) {.fusion-body .fusion-builder-column-0{width:100% !important;order : 0;}.fusion-builder-column-0 > .fusion-column-wrapper {margin-right : 1.92%;margin-left : 1.92%;}}<\/style><\/div><div class=\"fusion-layout-column fusion_builder_column fusion-builder-column-1 fusion_builder_column_1_1 1_1 fusion-flex-column\"><div class=\"fusion-column-wrapper fusion-flex-justify-content-flex-start fusion-content-layout-column\" style=\"background-position:left top;background-repeat:no-repeat;-webkit-background-size:cover;-moz-background-size:cover;-o-background-size:cover;background-size:cover;padding: 0px 0px 0px 0px;\"><div class=\"fusion-text fusion-text-1\"><h2>Nuestro socio-director Jos\u00e9 Manuel Chao particip\u00f3 en las jornadas sobre IA en salud del Cl\u00faster Sa\u00fade de Galicia y la C\u00e1tedra Camelia.<\/h2>\n<p>En Galicia avanzamos hacia la adopci\u00f3n de la <strong><a href=\"https:\/\/www.plexus.es\/servicios\/ia\/\" target=\"_blank\" rel=\"noopener\">inteligencia artificial<\/a> en el sector sanitario<\/strong>. Con esa idea com\u00fan se cerr\u00f3 el ciclo formativo <em>IA en Salud. <\/em>Una formaci\u00f3n impulsada por el Cl\u00faster Sa\u00fade de Galicia (CSG) junto a la C\u00e1tedra Camelia, en el que desde Plexus Tech hemos estado muy presentes.<\/p>\n<p>Como uno de los actores principales en este reto, <strong>hemos participado<\/strong> de la mano de <strong>nuestro socio-director Jos\u00e9 Manuel Chao Ardao<\/strong>. Nuestro responsable del \u00e1rea de Salud ha podido compartir nuestra visi\u00f3n sobre el papel que ya est\u00e1n desempe\u00f1ando la <strong>IA y la gen\u00f3mica en la evoluci\u00f3n hacia una medicina m\u00e1s personalizada<\/strong>, precisa y preparada, respondiendo as\u00ed a los grandes desaf\u00edos del sistema sanitario.<\/p>\n<p>Y es que la IA en salud cobra sentido cuando se convierte en conocimiento \u00fatil y en <strong>decisiones mejor informadas al servicio de las personas.<\/strong><\/p>\n<p>Por ello, con la celebraci\u00f3n de este ciclo seguimos avanzando en un modelo de innovaci\u00f3n donde ciencia, tecnolog\u00eda y salud trabajan juntas para dar respuesta a retos reales.<\/p>\n<h3>Retos claves para una aplicaci\u00f3n real.<\/h3>\n<p>El ciclo formativo <em>IA en Salud: fundamentos, regulaci\u00f3n y aplicaciones reales para la toma de decisiones<\/em>\u00a0ha permitido abordar algunos de los <strong>retos clave en la aplicaci\u00f3n real de la inteligencia artificial en salud.<\/strong><\/p>\n<p><strong>Impulsada por el <a href=\"https:\/\/clustersaude.com\/\" target=\"_blank\" rel=\"noopener\">Cluster<\/a> y la <a href=\"https:\/\/camelia.usc.gal\/\" target=\"_blank\" rel=\"noopener\">C\u00e1tedra USC &#8211; Plexus<\/a><\/strong> en Inteligencia Artificial aplicada a la Medicina Personalizada de Precisi\u00f3n, la \u00faltima sesi\u00f3n de la formaci\u00f3n se celebr\u00f3 esta semana en el Centro Singular de Investigaci\u00f3n en Tecnolox\u00edas Intelixentes (CiTIUS). En ella, participaron profesionales del \u00e1mbito sanitario, tecnol\u00f3gico y cient\u00edfico. Y, como no pod\u00eda ser de otra forma, ah\u00ed estuvo presente nuestra compa\u00f1\u00eda.<\/p>\n<\/div><\/div><style type=\"text\/css\">.fusion-body .fusion-builder-column-1{width:100% !important;margin-top : 20px;margin-bottom : 20px;}.fusion-builder-column-1 > .fusion-column-wrapper {padding-top : 0px !important;padding-right : 0px !important;margin-right : 1.92%;padding-bottom : 0px !important;padding-left : 0px !important;margin-left : 1.92%;}@media only screen and (max-width:1200px) {.fusion-body .fusion-builder-column-1{width:100% !important;order : 0;}.fusion-builder-column-1 > .fusion-column-wrapper {margin-right : 1.92%;margin-left : 1.92%;}}@media only screen and (max-width:640px) {.fusion-body .fusion-builder-column-1{width:100% !important;order : 0;}.fusion-builder-column-1 > .fusion-column-wrapper {margin-right : 1.92%;margin-left : 1.92%;}}<\/style><\/div><div class=\"fusion-layout-column fusion_builder_column fusion-builder-column-2 fusion_builder_column_1_2 1_2 fusion-flex-column fusion-flex-align-self-stretch\"><div class=\"fusion-column-wrapper fusion-flex-justify-content-center fusion-content-layout-column\" style=\"background-position:left top;background-repeat:no-repeat;-webkit-background-size:cover;-moz-background-size:cover;-o-background-size:cover;background-size:cover;padding: 0px 0px 0px 0px;\"><div style=\"text-align:center;\"><span class=\" fusion-imageframe imageframe-none imageframe-2 hover-type-none\" style=\"border-radius:12px;margin-top:0px;margin-right:0px;margin-bottom:0px;margin-left:0px;\"><a class=\"fusion-no-lightbox\" href=\"https:\/\/www.linkedin.com\/posts\/plexus-tech_goodnews-gemelosdigitales-platgdia-activity-7146514515004735488-uBrB?utm_source=share&amp;utm_medium=member_desktop\" target=\"_self\" aria-label=\"Manel Chao Catedra Camelia\"><img width=\"1820\" height=\"1365\" alt=\"Jos\u00e9 Manuel Chao, socio-director de Plexus Tech, particip\u00f3 en estas jornadas sobre IA en salud exponiendo el papel que desempe\u00f1a la inteligencia artificial y la gen\u00f3mica para evolucionar hacia una medicina m\u00e1s personalizada.\" src=\"https:\/\/www.plexus.es\/wp-content\/uploads\/2026\/04\/Manel-Chao-Catedra-Camelia.jpg\" data-orig-src=\"https:\/\/www.plexus.es\/wp-content\/uploads\/2026\/04\/Manel-Chao-Catedra-Camelia.jpg\" class=\"lazyload img-responsive wp-image-52280\" srcset=\"data:image\/svg+xml,%3Csvg%20xmlns%3D%27http%3A%2F%2Fwww.w3.org%2F2000%2Fsvg%27%20width%3D%271820%27%20height%3D%271365%27%20viewBox%3D%270%200%201820%201365%27%3E%3Crect%20width%3D%271820%27%20height%3D%271365%27%20fill-opacity%3D%220%22%2F%3E%3C%2Fsvg%3E\" data-srcset=\"https:\/\/www.plexus.es\/wp-content\/uploads\/2026\/04\/Manel-Chao-Catedra-Camelia-200x150.jpg 200w, https:\/\/www.plexus.es\/wp-content\/uploads\/2026\/04\/Manel-Chao-Catedra-Camelia-400x300.jpg 400w, https:\/\/www.plexus.es\/wp-content\/uploads\/2026\/04\/Manel-Chao-Catedra-Camelia-600x450.jpg 600w, https:\/\/www.plexus.es\/wp-content\/uploads\/2026\/04\/Manel-Chao-Catedra-Camelia-800x600.jpg 800w, https:\/\/www.plexus.es\/wp-content\/uploads\/2026\/04\/Manel-Chao-Catedra-Camelia-1200x900.jpg 1200w, https:\/\/www.plexus.es\/wp-content\/uploads\/2026\/04\/Manel-Chao-Catedra-Camelia.jpg 1820w\" data-sizes=\"auto\" data-orig-sizes=\"(max-width: 640px) 100vw, 600px\" \/><\/a><\/span><\/div><\/div><style type=\"text\/css\">.fusion-body .fusion-builder-column-2{width:50% !important;margin-top : 0px;margin-bottom : 0px;}.fusion-builder-column-2 > .fusion-column-wrapper {padding-top : 0 !important;padding-right : 0px !important;margin-right : 3.84%;padding-bottom : 0 !important;padding-left : 0px !important;margin-left : 3.84%;}@media only screen and (max-width:1200px) {.fusion-body .fusion-builder-column-2{width:50% !important;order : 0;}.fusion-builder-column-2 > .fusion-column-wrapper {margin-right : 3.84%;margin-left : 3.84%;}}@media only screen and (max-width:640px) {.fusion-body .fusion-builder-column-2{width:100% !important;order : 0;}.fusion-builder-column-2 > .fusion-column-wrapper {margin-right : 1.92%;margin-left : 1.92%;}}<\/style><\/div><div class=\"fusion-layout-column fusion_builder_column fusion-builder-column-3 fusion_builder_column_1_2 1_2 fusion-flex-column fusion-flex-align-self-stretch\"><div class=\"fusion-column-wrapper fusion-flex-justify-content-center fusion-content-layout-column\" style=\"background-position:left top;background-repeat:no-repeat;-webkit-background-size:cover;-moz-background-size:cover;-o-background-size:cover;background-size:cover;padding: 0px 0px 0px 0px;\"><div style=\"text-align:center;\"><span class=\" fusion-imageframe imageframe-none imageframe-3 hover-type-none\" style=\"border-radius:12px;margin-top:0px;margin-right:0px;margin-bottom:0px;margin-left:0px;\"><a class=\"fusion-no-lightbox\" href=\"https:\/\/www.linkedin.com\/posts\/plexus-tech_goodnews-gemelosdigitales-platgdia-activity-7146514515004735488-uBrB?utm_source=share&amp;utm_medium=member_desktop\" target=\"_self\" aria-label=\"Carracedo\"><img width=\"1820\" height=\"1365\" alt=\"Angel Carracedo, Director de la Fundaci\u00f3n P\u00fablica Galega de Medicina Xen\u00f3mica, junto\" src=\"https:\/\/www.plexus.es\/wp-content\/uploads\/2026\/04\/Carracedo.jpg\" data-orig-src=\"https:\/\/www.plexus.es\/wp-content\/uploads\/2026\/04\/Carracedo.jpg\" class=\"lazyload img-responsive wp-image-52286\" srcset=\"data:image\/svg+xml,%3Csvg%20xmlns%3D%27http%3A%2F%2Fwww.w3.org%2F2000%2Fsvg%27%20width%3D%271820%27%20height%3D%271365%27%20viewBox%3D%270%200%201820%201365%27%3E%3Crect%20width%3D%271820%27%20height%3D%271365%27%20fill-opacity%3D%220%22%2F%3E%3C%2Fsvg%3E\" data-srcset=\"https:\/\/www.plexus.es\/wp-content\/uploads\/2026\/04\/Carracedo-200x150.jpg 200w, https:\/\/www.plexus.es\/wp-content\/uploads\/2026\/04\/Carracedo-400x300.jpg 400w, https:\/\/www.plexus.es\/wp-content\/uploads\/2026\/04\/Carracedo-600x450.jpg 600w, https:\/\/www.plexus.es\/wp-content\/uploads\/2026\/04\/Carracedo-800x600.jpg 800w, https:\/\/www.plexus.es\/wp-content\/uploads\/2026\/04\/Carracedo-1200x900.jpg 1200w, https:\/\/www.plexus.es\/wp-content\/uploads\/2026\/04\/Carracedo.jpg 1820w\" data-sizes=\"auto\" data-orig-sizes=\"(max-width: 640px) 100vw, 600px\" \/><\/a><\/span><\/div><\/div><style type=\"text\/css\">.fusion-body .fusion-builder-column-3{width:50% !important;margin-top : 0px;margin-bottom : 0px;}.fusion-builder-column-3 > .fusion-column-wrapper {padding-top : 0 !important;padding-right : 0px !important;margin-right : 3.84%;padding-bottom : 0 !important;padding-left : 0px !important;margin-left : 3.84%;}@media only screen and (max-width:1200px) {.fusion-body .fusion-builder-column-3{width:50% !important;order : 0;}.fusion-builder-column-3 > .fusion-column-wrapper {margin-right : 3.84%;margin-left : 3.84%;}}@media only screen and (max-width:640px) {.fusion-body .fusion-builder-column-3{width:100% !important;order : 0;}.fusion-builder-column-3 > .fusion-column-wrapper {margin-right : 1.92%;margin-left : 1.92%;}}<\/style><\/div><\/div><style type=\"text\/css\">.fusion-body .fusion-flex-container.fusion-builder-row-1{ padding-top : 0px;margin-top : 0;padding-right : 0px;padding-bottom : 0px;margin-bottom : 0;padding-left : 0px;}<\/style><\/div>\n","protected":false},"excerpt":{"rendered":"<p>Nuestro socio-director Jos\u00e9 Manuel Chao particip\u00f3 en las jornadas sobre IA en salud del Cl\u00faster CSG y la C\u00e1tedra Camelia.<\/p>\n","protected":false},"author":1,"featured_media":52574,"comment_status":"open","ping_status":"open","sticky":false,"template":"","format":"standard","meta":[],"categories":[107,213,42,222],"tags":[],"yoast_head":"<!-- This site is optimized with the Yoast SEO plugin v17.4 - https:\/\/yoast.com\/wordpress\/plugins\/seo\/ -->\n<title>Avanzamos hacia la adopci\u00f3n de la IA en el sector sanitario<\/title>\n<meta name=\"description\" content=\"Nuestro socio-director Jos\u00e9 Manuel Chao particip\u00f3 en las jornadas sobre IA en salud, impulsadas por el Cl\u00faster CSG y la C\u00e1tedra Camelia.\" \/>\n<meta name=\"robots\" content=\"index, follow, max-snippet:-1, max-image-preview:large, max-video-preview:-1\" \/>\n<link rel=\"canonical\" href=\"https:\/\/www.plexus.es\/avanzamos-ia-en-salud-cluster-catedra-camelia\/\" \/>\n<meta property=\"og:locale\" content=\"pt_PT\" \/>\n<meta property=\"og:type\" content=\"article\" \/>\n<meta property=\"og:title\" content=\"Avanzamos hacia la adopci\u00f3n de la IA en el sector sanitario\" \/>\n<meta property=\"og:description\" content=\"Nuestro socio-director Jos\u00e9 Manuel Chao particip\u00f3 en las jornadas sobre IA en salud, impulsadas por el Cl\u00faster CSG y la C\u00e1tedra Camelia.\" \/>\n<meta property=\"og:url\" content=\"https:\/\/www.plexus.es\/avanzamos-ia-en-salud-cluster-catedra-camelia\/\" \/>\n<meta property=\"og:site_name\" content=\"Plexus Tech\" \/>\n<meta property=\"article:publisher\" content=\"https:\/\/www.facebook.com\/Plexus.Techno\" \/>\n<meta property=\"article:published_time\" content=\"2026-04-10T10:00:35+00:00\" \/>\n<meta property=\"article:modified_time\" content=\"2026-04-22T11:54:29+00:00\" \/>\n<meta property=\"og:image\" content=\"https:\/\/www.plexus.es\/wp-content\/uploads\/2026\/04\/Filtro-Azul_Manel-Chao-Catedra-Camelia-1-1.png\" \/>\n\t<meta property=\"og:image:width\" content=\"948\" \/>\n\t<meta property=\"og:image:height\" content=\"600\" \/>\n<meta name=\"twitter:card\" content=\"summary_large_image\" \/>\n<meta name=\"twitter:creator\" content=\"@plexustech_\" \/>\n<meta name=\"twitter:site\" content=\"@plexustech_\" \/>\n<meta name=\"twitter:label1\" content=\"Escrito por\" \/>\n\t<meta name=\"twitter:data1\" content=\"admin_plexus\" \/>\n\t<meta name=\"twitter:label2\" content=\"Tempo estimado de leitura\" \/>\n\t<meta name=\"twitter:data2\" content=\"5 minutos\" \/>\n<script type=\"application\/ld+json\" class=\"yoast-schema-graph\">{\"@context\":\"https:\/\/schema.org\",\"@graph\":[{\"@type\":\"Organization\",\"@id\":\"https:\/\/www.plexus.es\/#organization\",\"name\":\"Plexus Tech\",\"url\":\"https:\/\/www.plexus.es\/\",\"sameAs\":[\"https:\/\/www.facebook.com\/Plexus.Techno\",\"https:\/\/www.instagram.com\/plexus.tech\/\",\"https:\/\/www.linkedin.com\/company\/plexus-tech\/mycompany\/\",\"https:\/\/www.youtube.com\/user\/tecnologiasplexus\",\"https:\/\/twitter.com\/plexustech_\"],\"logo\":{\"@type\":\"ImageObject\",\"@id\":\"https:\/\/www.plexus.es\/#logo\",\"inLanguage\":\"pt-PT\",\"url\":\"https:\/\/www.plexus.es\/wp-content\/uploads\/2021\/11\/logo-plexus-2021.png\",\"contentUrl\":\"https:\/\/www.plexus.es\/wp-content\/uploads\/2021\/11\/logo-plexus-2021.png\",\"width\":600,\"height\":600,\"caption\":\"Plexus Tech\"},\"image\":{\"@id\":\"https:\/\/www.plexus.es\/#logo\"}},{\"@type\":\"WebSite\",\"@id\":\"https:\/\/www.plexus.es\/#website\",\"url\":\"https:\/\/www.plexus.es\/\",\"name\":\"Plexus Tech\",\"description\":\"Tecnolog\\u00eda con Alma\",\"publisher\":{\"@id\":\"https:\/\/www.plexus.es\/#organization\"},\"potentialAction\":[{\"@type\":\"SearchAction\",\"target\":{\"@type\":\"EntryPoint\",\"urlTemplate\":\"https:\/\/www.plexus.es\/?s={search_term_string}\"},\"query-input\":\"required name=search_term_string\"}],\"inLanguage\":\"pt-PT\"},{\"@type\":\"ImageObject\",\"@id\":\"https:\/\/www.plexus.es\/avanzamos-ia-en-salud-cluster-catedra-camelia\/#primaryimage\",\"inLanguage\":\"pt-PT\",\"url\":\"https:\/\/www.plexus.es\/wp-content\/uploads\/2026\/04\/Filtro-Azul_Manel-Chao-Catedra-Camelia-1-1.png\",\"contentUrl\":\"https:\/\/www.plexus.es\/wp-content\/uploads\/2026\/04\/Filtro-Azul_Manel-Chao-Catedra-Camelia-1-1.png\",\"width\":948,\"height\":600,\"caption\":\"Jos\\u00e9 Manuel Chao, socio-director de Plexus Tech, particip\\u00f3 en estas jornadas sobre IA en salud exponiendo el papel que desempe\\u00f1a la inteligencia artificial y la gen\\u00f3mica para evolucionar hacia una medicina m\\u00e1s personalizada.\"},{\"@type\":\"WebPage\",\"@id\":\"https:\/\/www.plexus.es\/avanzamos-ia-en-salud-cluster-catedra-camelia\/#webpage\",\"url\":\"https:\/\/www.plexus.es\/avanzamos-ia-en-salud-cluster-catedra-camelia\/\",\"name\":\"Avanzamos hacia la adopci\\u00f3n de la IA en el sector sanitario\",\"isPartOf\":{\"@id\":\"https:\/\/www.plexus.es\/#website\"},\"primaryImageOfPage\":{\"@id\":\"https:\/\/www.plexus.es\/avanzamos-ia-en-salud-cluster-catedra-camelia\/#primaryimage\"},\"datePublished\":\"2026-04-10T10:00:35+00:00\",\"dateModified\":\"2026-04-22T11:54:29+00:00\",\"description\":\"Nuestro socio-director Jos\\u00e9 Manuel Chao particip\\u00f3 en las jornadas sobre IA en salud, impulsadas por el Cl\\u00faster CSG y la C\\u00e1tedra Camelia.\",\"breadcrumb\":{\"@id\":\"https:\/\/www.plexus.es\/avanzamos-ia-en-salud-cluster-catedra-camelia\/#breadcrumb\"},\"inLanguage\":\"pt-PT\",\"potentialAction\":[{\"@type\":\"ReadAction\",\"target\":[\"https:\/\/www.plexus.es\/avanzamos-ia-en-salud-cluster-catedra-camelia\/\"]}]},{\"@type\":\"BreadcrumbList\",\"@id\":\"https:\/\/www.plexus.es\/avanzamos-ia-en-salud-cluster-catedra-camelia\/#breadcrumb\",\"itemListElement\":[{\"@type\":\"ListItem\",\"position\":1,\"name\":\"Home\",\"item\":\"https:\/\/www.plexus.es\/\"},{\"@type\":\"ListItem\",\"position\":2,\"name\":\"Avanzamos hacia la adopci\\u00f3n de la inteligencia artificial en el sector sanitario\"}]},{\"@type\":\"Article\",\"@id\":\"https:\/\/www.plexus.es\/avanzamos-ia-en-salud-cluster-catedra-camelia\/#article\",\"isPartOf\":{\"@id\":\"https:\/\/www.plexus.es\/avanzamos-ia-en-salud-cluster-catedra-camelia\/#webpage\"},\"author\":{\"@id\":\"https:\/\/www.plexus.es\/#\/schema\/person\/8f02d5ce6d7b659fa68b0e90317c5171\"},\"headline\":\"Avanzamos hacia la adopci\\u00f3n de la inteligencia artificial en el sector sanitario\",\"datePublished\":\"2026-04-10T10:00:35+00:00\",\"dateModified\":\"2026-04-22T11:54:29+00:00\",\"mainEntityOfPage\":{\"@id\":\"https:\/\/www.plexus.es\/avanzamos-ia-en-salud-cluster-catedra-camelia\/#webpage\"},\"wordCount\":2249,\"commentCount\":0,\"publisher\":{\"@id\":\"https:\/\/www.plexus.es\/#organization\"},\"image\":{\"@id\":\"https:\/\/www.plexus.es\/avanzamos-ia-en-salud-cluster-catedra-camelia\/#primaryimage\"},\"thumbnailUrl\":\"https:\/\/www.plexus.es\/wp-content\/uploads\/2026\/04\/Filtro-Azul_Manel-Chao-Catedra-Camelia-1-1.png\",\"articleSection\":[\"Eventos\",\"Not\\u00edcias\",\"Sanidad\",\"Tech&amp;Innovaci\\u00f3n\"],\"inLanguage\":\"pt-PT\",\"potentialAction\":[{\"@type\":\"CommentAction\",\"name\":\"Comment\",\"target\":[\"https:\/\/www.plexus.es\/avanzamos-ia-en-salud-cluster-catedra-camelia\/#respond\"]}]},{\"@type\":\"Person\",\"@id\":\"https:\/\/www.plexus.es\/#\/schema\/person\/8f02d5ce6d7b659fa68b0e90317c5171\",\"name\":\"admin_plexus\",\"image\":{\"@type\":\"ImageObject\",\"@id\":\"https:\/\/www.plexus.es\/#personlogo\",\"inLanguage\":\"pt-PT\",\"url\":\"https:\/\/secure.gravatar.com\/avatar\/c1d7caf9a4063a74393abcf91991e9cd?s=96&d=mm&r=g\",\"contentUrl\":\"https:\/\/secure.gravatar.com\/avatar\/c1d7caf9a4063a74393abcf91991e9cd?s=96&d=mm&r=g\",\"caption\":\"admin_plexus\"},\"sameAs\":[\"https:\/\/www.plexus.es\"]}]}<\/script>\n<!-- \/ Yoast SEO plugin. -->","yoast_head_json":{"title":"Avanzamos hacia la adopci\u00f3n de la IA en el sector sanitario","description":"Nuestro socio-director Jos\u00e9 Manuel Chao particip\u00f3 en las jornadas sobre IA en salud, impulsadas por el Cl\u00faster CSG y la C\u00e1tedra Camelia.","robots":{"index":"index","follow":"follow","max-snippet":"max-snippet:-1","max-image-preview":"max-image-preview:large","max-video-preview":"max-video-preview:-1"},"canonical":"https:\/\/www.plexus.es\/avanzamos-ia-en-salud-cluster-catedra-camelia\/","og_locale":"pt_PT","og_type":"article","og_title":"Avanzamos hacia la adopci\u00f3n de la IA en el sector sanitario","og_description":"Nuestro socio-director Jos\u00e9 Manuel Chao particip\u00f3 en las jornadas sobre IA en salud, impulsadas por el Cl\u00faster CSG y la C\u00e1tedra Camelia.","og_url":"https:\/\/www.plexus.es\/avanzamos-ia-en-salud-cluster-catedra-camelia\/","og_site_name":"Plexus Tech","article_publisher":"https:\/\/www.facebook.com\/Plexus.Techno","article_published_time":"2026-04-10T10:00:35+00:00","article_modified_time":"2026-04-22T11:54:29+00:00","og_image":[{"width":948,"height":600,"url":"https:\/\/www.plexus.es\/wp-content\/uploads\/2026\/04\/Filtro-Azul_Manel-Chao-Catedra-Camelia-1-1.png","type":"image\/png"}],"twitter_card":"summary_large_image","twitter_creator":"@plexustech_","twitter_site":"@plexustech_","twitter_misc":{"Escrito por":"admin_plexus","Tempo estimado de leitura":"5 minutos"},"schema":{"@context":"https:\/\/schema.org","@graph":[{"@type":"Organization","@id":"https:\/\/www.plexus.es\/#organization","name":"Plexus Tech","url":"https:\/\/www.plexus.es\/","sameAs":["https:\/\/www.facebook.com\/Plexus.Techno","https:\/\/www.instagram.com\/plexus.tech\/","https:\/\/www.linkedin.com\/company\/plexus-tech\/mycompany\/","https:\/\/www.youtube.com\/user\/tecnologiasplexus","https:\/\/twitter.com\/plexustech_"],"logo":{"@type":"ImageObject","@id":"https:\/\/www.plexus.es\/#logo","inLanguage":"pt-PT","url":"https:\/\/www.plexus.es\/wp-content\/uploads\/2021\/11\/logo-plexus-2021.png","contentUrl":"https:\/\/www.plexus.es\/wp-content\/uploads\/2021\/11\/logo-plexus-2021.png","width":600,"height":600,"caption":"Plexus Tech"},"image":{"@id":"https:\/\/www.plexus.es\/#logo"}},{"@type":"WebSite","@id":"https:\/\/www.plexus.es\/#website","url":"https:\/\/www.plexus.es\/","name":"Plexus Tech","description":"Tecnolog\u00eda con Alma","publisher":{"@id":"https:\/\/www.plexus.es\/#organization"},"potentialAction":[{"@type":"SearchAction","target":{"@type":"EntryPoint","urlTemplate":"https:\/\/www.plexus.es\/?s={search_term_string}"},"query-input":"required name=search_term_string"}],"inLanguage":"pt-PT"},{"@type":"ImageObject","@id":"https:\/\/www.plexus.es\/avanzamos-ia-en-salud-cluster-catedra-camelia\/#primaryimage","inLanguage":"pt-PT","url":"https:\/\/www.plexus.es\/wp-content\/uploads\/2026\/04\/Filtro-Azul_Manel-Chao-Catedra-Camelia-1-1.png","contentUrl":"https:\/\/www.plexus.es\/wp-content\/uploads\/2026\/04\/Filtro-Azul_Manel-Chao-Catedra-Camelia-1-1.png","width":948,"height":600,"caption":"Jos\u00e9 Manuel Chao, socio-director de Plexus Tech, particip\u00f3 en estas jornadas sobre IA en salud exponiendo el papel que desempe\u00f1a la inteligencia artificial y la gen\u00f3mica para evolucionar hacia una medicina m\u00e1s personalizada."},{"@type":"WebPage","@id":"https:\/\/www.plexus.es\/avanzamos-ia-en-salud-cluster-catedra-camelia\/#webpage","url":"https:\/\/www.plexus.es\/avanzamos-ia-en-salud-cluster-catedra-camelia\/","name":"Avanzamos hacia la adopci\u00f3n de la IA en el sector sanitario","isPartOf":{"@id":"https:\/\/www.plexus.es\/#website"},"primaryImageOfPage":{"@id":"https:\/\/www.plexus.es\/avanzamos-ia-en-salud-cluster-catedra-camelia\/#primaryimage"},"datePublished":"2026-04-10T10:00:35+00:00","dateModified":"2026-04-22T11:54:29+00:00","description":"Nuestro socio-director Jos\u00e9 Manuel Chao particip\u00f3 en las jornadas sobre IA en salud, impulsadas por el Cl\u00faster CSG y la C\u00e1tedra Camelia.","breadcrumb":{"@id":"https:\/\/www.plexus.es\/avanzamos-ia-en-salud-cluster-catedra-camelia\/#breadcrumb"},"inLanguage":"pt-PT","potentialAction":[{"@type":"ReadAction","target":["https:\/\/www.plexus.es\/avanzamos-ia-en-salud-cluster-catedra-camelia\/"]}]},{"@type":"BreadcrumbList","@id":"https:\/\/www.plexus.es\/avanzamos-ia-en-salud-cluster-catedra-camelia\/#breadcrumb","itemListElement":[{"@type":"ListItem","position":1,"name":"Home","item":"https:\/\/www.plexus.es\/"},{"@type":"ListItem","position":2,"name":"Avanzamos hacia la adopci\u00f3n de la inteligencia artificial en el sector sanitario"}]},{"@type":"Article","@id":"https:\/\/www.plexus.es\/avanzamos-ia-en-salud-cluster-catedra-camelia\/#article","isPartOf":{"@id":"https:\/\/www.plexus.es\/avanzamos-ia-en-salud-cluster-catedra-camelia\/#webpage"},"author":{"@id":"https:\/\/www.plexus.es\/#\/schema\/person\/8f02d5ce6d7b659fa68b0e90317c5171"},"headline":"Avanzamos hacia la adopci\u00f3n de la inteligencia artificial en el sector sanitario","datePublished":"2026-04-10T10:00:35+00:00","dateModified":"2026-04-22T11:54:29+00:00","mainEntityOfPage":{"@id":"https:\/\/www.plexus.es\/avanzamos-ia-en-salud-cluster-catedra-camelia\/#webpage"},"wordCount":2249,"commentCount":0,"publisher":{"@id":"https:\/\/www.plexus.es\/#organization"},"image":{"@id":"https:\/\/www.plexus.es\/avanzamos-ia-en-salud-cluster-catedra-camelia\/#primaryimage"},"thumbnailUrl":"https:\/\/www.plexus.es\/wp-content\/uploads\/2026\/04\/Filtro-Azul_Manel-Chao-Catedra-Camelia-1-1.png","articleSection":["Eventos","Not\u00edcias","Sanidad","Tech&amp;Innovaci\u00f3n"],"inLanguage":"pt-PT","potentialAction":[{"@type":"CommentAction","name":"Comment","target":["https:\/\/www.plexus.es\/avanzamos-ia-en-salud-cluster-catedra-camelia\/#respond"]}]},{"@type":"Person","@id":"https:\/\/www.plexus.es\/#\/schema\/person\/8f02d5ce6d7b659fa68b0e90317c5171","name":"admin_plexus","image":{"@type":"ImageObject","@id":"https:\/\/www.plexus.es\/#personlogo","inLanguage":"pt-PT","url":"https:\/\/secure.gravatar.com\/avatar\/c1d7caf9a4063a74393abcf91991e9cd?s=96&d=mm&r=g","contentUrl":"https:\/\/secure.gravatar.com\/avatar\/c1d7caf9a4063a74393abcf91991e9cd?s=96&d=mm&r=g","caption":"admin_plexus"},"sameAs":["https:\/\/www.plexus.es"]}]}},"_links":{"self":[{"href":"https:\/\/www.plexus.es\/pt-pt\/wp-json\/wp\/v2\/posts\/52268"}],"collection":[{"href":"https:\/\/www.plexus.es\/pt-pt\/wp-json\/wp\/v2\/posts"}],"about":[{"href":"https:\/\/www.plexus.es\/pt-pt\/wp-json\/wp\/v2\/types\/post"}],"author":[{"embeddable":true,"href":"https:\/\/www.plexus.es\/pt-pt\/wp-json\/wp\/v2\/users\/1"}],"replies":[{"embeddable":true,"href":"https:\/\/www.plexus.es\/pt-pt\/wp-json\/wp\/v2\/comments?post=52268"}],"version-history":[{"count":2,"href":"https:\/\/www.plexus.es\/pt-pt\/wp-json\/wp\/v2\/posts\/52268\/revisions"}],"predecessor-version":[{"id":52288,"href":"https:\/\/www.plexus.es\/pt-pt\/wp-json\/wp\/v2\/posts\/52268\/revisions\/52288"}],"wp:featuredmedia":[{"embeddable":true,"href":"https:\/\/www.plexus.es\/pt-pt\/wp-json\/wp\/v2\/media\/52574"}],"wp:attachment":[{"href":"https:\/\/www.plexus.es\/pt-pt\/wp-json\/wp\/v2\/media?parent=52268"}],"wp:term":[{"taxonomy":"category","embeddable":true,"href":"https:\/\/www.plexus.es\/pt-pt\/wp-json\/wp\/v2\/categories?post=52268"},{"taxonomy":"post_tag","embeddable":true,"href":"https:\/\/www.plexus.es\/pt-pt\/wp-json\/wp\/v2\/tags?post=52268"}],"curies":[{"name":"wp","href":"https:\/\/api.w.org\/{rel}","templated":true}]}}